{"id":25930,"date":"2016-09-15T12:16:51","date_gmt":"2016-09-15T17:16:51","guid":{"rendered":"https:\/\/radiowebmx.com\/nota\/?p=25930"},"modified":"2016-09-15T12:16:51","modified_gmt":"2016-09-15T17:16:51","slug":"atiende-gobernador-a-victimas-y-familiares-de-los-sucesos-de-2008","status":"publish","type":"post","link":"https:\/\/radiowebmx.com\/nota\/atiende-gobernador-a-victimas-y-familiares-de-los-sucesos-de-2008\/","title":{"rendered":"Atiende Gobernador a v\u00edctimas y familiares de los sucesos de 2008"},"content":{"rendered":"<p><strong>Morelia, Michoac\u00e1n, a 15 de septiembre de 2016.- <\/strong>Sucesos lamentables como el ocurrido el 15 de septiembre del 2008 no se pueden repetir nunca m\u00e1s; demostremos juntos, que somos m\u00e1s quienes queremos ver a un Michoac\u00e1n en paz, fue lo que manifest\u00f3 este jueves el Gobernador del Estado, Silvano Aureoles Conejo, al recordar a las v\u00edctimas de los granadazos que se registraron hace ocho a\u00f1os durante la Conmemoraci\u00f3n del Grito de Independencia en el Centro Hist\u00f3rico de Morelia.<\/p>\n<p>En un breve encuentro con las v\u00edctimas y sus familiares en la Plaza Melchor Ocampo, el Jefe del Ejecutivo Estatal los escuch\u00f3 y se comprometi\u00f3 a agendar una reuni\u00f3n la pr\u00f3xima semana para ver sus necesidades y revisar cada caso en particular.<\/p>\n<p>Aureoles Conejo asegur\u00f3 que a la brevedad buscar\u00e1 que el Congreso del Estado legisle para aprobar el Decreto Constitucional donde se garantice el apoyo y las pensiones a quienes as\u00ed lo requieran.<\/p>\n<p>A nombre de los familiares y v\u00edctimas de aquellos lamentables hechos, las se\u00f1oras Guadalupe Hern\u00e1ndez y Liliana D\u00edaz Fern\u00e1ndez, solicitaron a la actual Administraci\u00f3n Estatal que encabeza Silvano Aureoles que los apoyen con los recursos econ\u00f3micos necesarios para salir adelante, ya que muchos tienen lesiones y secuelas permanentes que les cambiaron la vida para siempre.<\/p>\n<p>Ni\u00f1as y ni\u00f1os hu\u00e9rfanos; mujeres y hombres viudos; padres y hermanos de los que ah\u00ed perdieron la vida, mostraron su indignaci\u00f3n y tristeza al recordar a sus seres queridos y agradecieron al Gobernador su disposici\u00f3n y voluntad para resolver el problema.<\/p>\n<p>El mandatario estatal, asegur\u00f3 que su situaci\u00f3n cambiar\u00e1 luego de que el Congreso Local apruebe el Decreto Constitucional que de manera permanente les garantice las pensiones, apoyos y becas a quienes as\u00ed lo requieran.<\/p>\n<p>\u201cCr\u00e9anme que esta situaci\u00f3n no s\u00f3lo cambi\u00f3 la vida de ustedes, de sus familias, tambi\u00e9n cambi\u00f3 la vida del Estado y de todos, es nuestra obligaci\u00f3n ser solidarios en este caso con ustedes, es una obligaci\u00f3n; no se preocupen, estoy absolutamente claro de ello, por eso la propuesta que hice hace un par de meses de que hab\u00eda que modificar el Decreto para poder darles la atenci\u00f3n permanente\u201d, extern\u00f3.<\/p>\n<p>Momentos antes, el Gobernador Constitucional presenci\u00f3 el izamiento de la Bandera Nacional a media asta y el dep\u00f3sito de ofrenda floral en memoria de las v\u00edctimas de los granadazos del 15 de septiembre de 2008.<\/p>\n<p>Acompa\u00f1ado de integrantes del Gabinete Legal y Ampliado, el mandatario estatal record\u00f3 a quienes perdieron la vida la noche del 15 de septiembre de 2008, depositando una ofrenda floral en su memoria en la Plaza Melchor Ocampo y minutos antes, rindi\u00f3 honores al L\u00e1baro Patrio en la Plaza Jard\u00edn Morelos.<\/p>\n<p>A estas actividades asistieron el mando especial para la seguridad de Michoac\u00e1n, general Pedro Felipe Gurrola Ram\u00edrez; el secretario de Gobierno, Adri\u00e1n L\u00f3pez Sol\u00eds; el presidente municipal de Morelia, Alfonso Mart\u00ednez Alc\u00e1zar; as\u00ed como funcionarios federales, integrantes del Gabinete Estatal Legal y Ampliado, del Ayuntamiento moreliano, entre otros<\/p>\n","protected":false},"excerpt":{"rendered":"<p>Sucesos lamentables como el ocurrido el 15 de septiembre del 2008 no se pueden repetir nunca m\u00e1s; demostremos juntos, que somos m\u00e1s quienes queremos ver a un Michoac\u00e1n en paz, fue lo que manifest\u00f3 este jueves el Gobernador del Estado, SAC, al recordar a las v\u00edctimas de los granadazos que se registraron hace ocho a\u00f1os durante la Conmemoraci\u00f3n del Grito de Independencia en el Centro Hist\u00f3rico de Morelia.<\/p>\n","protected":false},"author":1,"featured_media":25931,"comment_status":"open","ping_status":"open","sticky":false,"template":"","format":"standard","meta":{"footnotes":""},"categories":[14,3],"tags":[],"class_list":["post-25930","post","type-post","status-publish","format-standard","has-post-thumbnail","hentry","category-destacadas","category-gobierno-del-estado-de-michoacan"],"_links":{"self":[{"href":"https:\/\/radiowebmx.com\/nota\/wp-json\/wp\/v2\/posts\/25930","targetHints":{"allow":["GET"]}}],"collection":[{"href":"https:\/\/radiowebmx.com\/nota\/wp-json\/wp\/v2\/posts"}],"about":[{"href":"https:\/\/radiowebmx.com\/nota\/wp-json\/wp\/v2\/types\/post"}],"author":[{"embeddable":true,"href":"https:\/\/radiowebmx.com\/nota\/wp-json\/wp\/v2\/users\/1"}],"replies":[{"embeddable":true,"href":"https:\/\/radiowebmx.com\/nota\/wp-json\/wp\/v2\/comments?post=25930"}],"version-history":[{"count":1,"href":"https:\/\/radiowebmx.com\/nota\/wp-json\/wp\/v2\/posts\/25930\/revisions"}],"predecessor-version":[{"id":25932,"href":"https:\/\/radiowebmx.com\/nota\/wp-json\/wp\/v2\/posts\/25930\/revisions\/25932"}],"wp:featuredmedia":[{"embeddable":true,"href":"https:\/\/radiowebmx.com\/nota\/wp-json\/wp\/v2\/media\/25931"}],"wp:attachment":[{"href":"https:\/\/radiowebmx.com\/nota\/wp-json\/wp\/v2\/media?parent=25930"}],"wp:term":[{"taxonomy":"category","embeddable":true,"href":"https:\/\/radiowebmx.com\/nota\/wp-json\/wp\/v2\/categories?post=25930"},{"taxonomy":"post_tag","embeddable":true,"href":"https:\/\/radiowebmx.com\/nota\/wp-json\/wp\/v2\/tags?post=25930"}],"curies":[{"name":"wp","href":"https:\/\/api.w.org\/{rel}","templated":true}]}}