{"id":25927,"date":"2016-09-15T11:58:24","date_gmt":"2016-09-15T16:58:24","guid":{"rendered":"https:\/\/radiowebmx.com\/nota\/?p=25927"},"modified":"2016-09-15T11:58:24","modified_gmt":"2016-09-15T16:58:24","slug":"el-cobaem-celebra-su-33-aniversario","status":"publish","type":"post","link":"https:\/\/radiowebmx.com\/nota\/el-cobaem-celebra-su-33-aniversario\/","title":{"rendered":"El Cobaem celebra su 33 aniversario"},"content":{"rendered":"<p><strong>Morelia, Michoac\u00e1n, a 14 de septiembre de 2015.-<\/strong>\u00a0El Colegio de Bachilleres del Estado de Michoac\u00e1n (COBAEM) celebra el 33 aniversario de su fundaci\u00f3n consolidado como el subsistema educativo m\u00e1s importante de la entidad.<\/p>\n<p>\u201cSin duda alguna podemos festejar que somos el subsistema educativo de educaci\u00f3n media superior m\u00e1s longevo e importante, no s\u00f3lo de Michoac\u00e1n, sino del pa\u00eds, ya que actualmente tenemos una matr\u00edcula de 50 mil estudiantes y eso es para celebrarlo y comprometernos con la educaci\u00f3n\u201d, destac\u00f3 Bustos Aguilar durante el acto de celebraci\u00f3n realizado este mi\u00e9rcoles en el Teatro Morelos, en la capital michoacana.<\/p>\n<p>En este marco, destac\u00f3 que trabajadores, docentes, administrativos y ex directores generales le han dado un brillo especial al Cobaem, cuya cobertura y calidad educativa se fortalece cada d\u00eda.<\/p>\n<p>Adem\u00e1s, Bustos Aguilr reconoci\u00f3 el apoyo del Gobernador Silvano Aureoles Conejo, quien siempre ha tenido a bien procurar el bienestar econ\u00f3mico del Cobaem.<\/p>\n<p>Luego de entregar econocimientos y est\u00edmulos econ\u00f3micos a los trabajadores que cumplen a\u00f1os de servicio, la directora de Educaci\u00f3n Media Superior, Patricia Manr\u00edquez Zavala, reconoci\u00f3 la val\u00eda del Cobaem.<\/p>\n<p>Cabe recordar que el Cobaem abri\u00f3 sus puertas en 1983 con cuantro planteles, en los municipios de Huetamo, Jacona, Quiroga y Venustiano Carranza. Desde entonces han egresado 158 mil 565 michoacanos exitosos, emprendedores y con gran liderazgo.<\/p>\n","protected":false},"excerpt":{"rendered":"<p>El Colegio de Bachilleres del Estado de Michoac\u00e1n (COBAEM) celebra el 33 aniversario de su fundaci\u00f3n consolidado como el subsistema educativo m\u00e1s importante de la entidad.<\/p>\n","protected":false},"author":1,"featured_media":25928,"comment_status":"open","ping_status":"open","sticky":false,"template":"","format":"standard","meta":{"footnotes":""},"categories":[14,3],"tags":[],"class_list":["post-25927","post","type-post","status-publish","format-standard","has-post-thumbnail","hentry","category-destacadas","category-gobierno-del-estado-de-michoacan"],"_links":{"self":[{"href":"https:\/\/radiowebmx.com\/nota\/wp-json\/wp\/v2\/posts\/25927","targetHints":{"allow":["GET"]}}],"collection":[{"href":"https:\/\/radiowebmx.com\/nota\/wp-json\/wp\/v2\/posts"}],"about":[{"href":"https:\/\/radiowebmx.com\/nota\/wp-json\/wp\/v2\/types\/post"}],"author":[{"embeddable":true,"href":"https:\/\/radiowebmx.com\/nota\/wp-json\/wp\/v2\/users\/1"}],"replies":[{"embeddable":true,"href":"https:\/\/radiowebmx.com\/nota\/wp-json\/wp\/v2\/comments?post=25927"}],"version-history":[{"count":1,"href":"https:\/\/radiowebmx.com\/nota\/wp-json\/wp\/v2\/posts\/25927\/revisions"}],"predecessor-version":[{"id":25929,"href":"https:\/\/radiowebmx.com\/nota\/wp-json\/wp\/v2\/posts\/25927\/revisions\/25929"}],"wp:featuredmedia":[{"embeddable":true,"href":"https:\/\/radiowebmx.com\/nota\/wp-json\/wp\/v2\/media\/25928"}],"wp:attachment":[{"href":"https:\/\/radiowebmx.com\/nota\/wp-json\/wp\/v2\/media?parent=25927"}],"wp:term":[{"taxonomy":"category","embeddable":true,"href":"https:\/\/radiowebmx.com\/nota\/wp-json\/wp\/v2\/categories?post=25927"},{"taxonomy":"post_tag","embeddable":true,"href":"https:\/\/radiowebmx.com\/nota\/wp-json\/wp\/v2\/tags?post=25927"}],"curies":[{"name":"wp","href":"https:\/\/api.w.org\/{rel}","templated":true}]}}