{"id":25924,"date":"2016-09-15T11:39:42","date_gmt":"2016-09-15T16:39:42","guid":{"rendered":"https:\/\/radiowebmx.com\/nota\/?p=25924"},"modified":"2016-09-15T11:39:42","modified_gmt":"2016-09-15T16:39:42","slug":"alfonso-martinez-encabeza-izamiento-de-bandera-por-206-aniversario-de-la-independencia","status":"publish","type":"post","link":"https:\/\/radiowebmx.com\/nota\/alfonso-martinez-encabeza-izamiento-de-bandera-por-206-aniversario-de-la-independencia\/","title":{"rendered":"Alfonso Mart\u00ednez encabeza Izamiento de Bandera por 206 Aniversario de la Independencia"},"content":{"rendered":"<p>Con el exhorto a la poblaci\u00f3n de llevar a cabo los Festejos Patrios de manera responsable y tranquila, el Presidente Municipal de Morelia, Alfonso Mart\u00ednez Alc\u00e1zar, en conjunto con el Gobernador del Estado, Silvano Aureoles Conejo, realiz\u00f3 a primeras horas de este jueves, el Izamiento de la Bandera Nacional en la Plaza Jard\u00edn Morelos, acto con el cual el Ayuntamiento de Morelia arranc\u00f3 de manera oficial las actividades con motivo del 206 Aniversario del inicio de la Independencia de M\u00e9xico.<\/p>\n<p>Con la presencia de funcionarios municipales y estatales, Mart\u00ednez Alc\u00e1zar se mostr\u00f3 complacido por iniciar con los actos conmemorativos a esta importante fecha para los mexicanos, por lo que aprovech\u00f3 para invitar a la poblaci\u00f3n a disfrutar del programa contemplado en este marco de manera responsable, para lograr que se mantenga la paz, tranquilidad y buena imagen de la capital michoacana.<\/p>\n<p>Puntualiz\u00f3 que en conjunto con las autoridades estatales y federales, han instruido para que las medidas de seguridad implementadas por los festejos patrios en el Centro Hist\u00f3rico de Morelia, sean de mucho respeto para la ciudadan\u00eda y con el cuidado necesario para garantizar la seguridad de la poblaci\u00f3n que decida asistir al primer cuadro de la ciudad.<\/p>\n<p>El Presidente Municipal agreg\u00f3 que en este sentido hay una estrecha coordinaci\u00f3n con el Gobierno del Estado, adem\u00e1s del apoyo del Gobierno Federal a trav\u00e9s de la Polic\u00eda Militar y la Gendarmer\u00eda.<\/p>\n<p>Concluy\u00f3 manifestando que la poblaci\u00f3n moreliana ha recuperado la confianza y el gusto por disfrutar del centro de la ciudad, por tal raz\u00f3n augura un marco plet\u00f3rico esta noche al pie de la Catedral de Morelia.<\/p>\n","protected":false},"excerpt":{"rendered":"<p>Con el exhorto a la poblaci\u00f3n de llevar a cabo los Festejos Patrios de manera responsable y tranquila, el Presidente Municipal de Morelia, Alfonso Mart\u00ednez Alc\u00e1zar, en conjunto con el Gobernador del Estado, Silvano Aureoles Conejo, realiz\u00f3 a primeras horas de este jueves, el Izamiento de la Bandera Nacional en la Plaza Jard\u00edn Morelos<\/p>\n","protected":false},"author":1,"featured_media":25925,"comment_status":"open","ping_status":"open","sticky":false,"template":"","format":"standard","meta":{"footnotes":""},"categories":[14,9],"tags":[],"class_list":["post-25924","post","type-post","status-publish","format-standard","has-post-thumbnail","hentry","category-destacadas","category-morelia"],"_links":{"self":[{"href":"https:\/\/radiowebmx.com\/nota\/wp-json\/wp\/v2\/posts\/25924","targetHints":{"allow":["GET"]}}],"collection":[{"href":"https:\/\/radiowebmx.com\/nota\/wp-json\/wp\/v2\/posts"}],"about":[{"href":"https:\/\/radiowebmx.com\/nota\/wp-json\/wp\/v2\/types\/post"}],"author":[{"embeddable":true,"href":"https:\/\/radiowebmx.com\/nota\/wp-json\/wp\/v2\/users\/1"}],"replies":[{"embeddable":true,"href":"https:\/\/radiowebmx.com\/nota\/wp-json\/wp\/v2\/comments?post=25924"}],"version-history":[{"count":1,"href":"https:\/\/radiowebmx.com\/nota\/wp-json\/wp\/v2\/posts\/25924\/revisions"}],"predecessor-version":[{"id":25926,"href":"https:\/\/radiowebmx.com\/nota\/wp-json\/wp\/v2\/posts\/25924\/revisions\/25926"}],"wp:featuredmedia":[{"embeddable":true,"href":"https:\/\/radiowebmx.com\/nota\/wp-json\/wp\/v2\/media\/25925"}],"wp:attachment":[{"href":"https:\/\/radiowebmx.com\/nota\/wp-json\/wp\/v2\/media?parent=25924"}],"wp:term":[{"taxonomy":"category","embeddable":true,"href":"https:\/\/radiowebmx.com\/nota\/wp-json\/wp\/v2\/categories?post=25924"},{"taxonomy":"post_tag","embeddable":true,"href":"https:\/\/radiowebmx.com\/nota\/wp-json\/wp\/v2\/tags?post=25924"}],"curies":[{"name":"wp","href":"https:\/\/api.w.org\/{rel}","templated":true}]}}