{"id":25916,"date":"2016-09-15T10:51:34","date_gmt":"2016-09-15T15:51:34","guid":{"rendered":"https:\/\/radiowebmx.com\/nota\/?p=25916"},"modified":"2016-09-15T10:51:34","modified_gmt":"2016-09-15T15:51:34","slug":"en-sesion-extraordinaria-el-pleno-de-la-lxxiii-legislatura-aprobo-el-acuerdo-mediante-el-cual-se-designo-al-diputado-pascual-sigala-como-presidente-de-la-mesa-directiva-del-congreso-local-por-el-per","status":"publish","type":"post","link":"https:\/\/radiowebmx.com\/nota\/en-sesion-extraordinaria-el-pleno-de-la-lxxiii-legislatura-aprobo-el-acuerdo-mediante-el-cual-se-designo-al-diputado-pascual-sigala-como-presidente-de-la-mesa-directiva-del-congreso-local-por-el-per\/","title":{"rendered":"En sesi\u00f3n extraordinaria el Pleno de la LXXIII Legislatura aprob\u00f3 el acuerdo mediante el cual se design\u00f3 al diputado Pascual S\u00edgala, como Presidente de la Mesa Directiva del Congreso local, por el periodo del 15 de septiembre del 2016, al 14 de septiembre del 2017."},"content":{"rendered":"<p>Con la participaci\u00f3n de 220 integrantes de diferentes agrupaciones musicales y con el objetivo de preservar y promover a estos artistas, el Ayuntamiento de Morelia a trav\u00e9s de la Secretar\u00eda de Servicios P\u00fablicos Municipales anunci\u00f3 el Primer Festival del Mariachi a realizarse el pr\u00f3ximo 18 de septiembre, el cual arrancar\u00e1 con un desfile a las 16:00 horas en Las Tarascas a la altura del Jard\u00edn Villalong\u00edn, hasta llegar a la Plaza del Carmen.<\/p>\n<p>El titular de la Secretar\u00eda, Jos\u00e9 Luis Gil V\u00e1zquez acompa\u00f1ado por representantes de agrupaciones de m\u00fasica vern\u00e1cula y la Regidora y Coordinadora de la Comisi\u00f3n de Servicios P\u00fablicos Municipales, Alma Rosa Bahena Villalobos adelant\u00f3 que el objetivo de la Administraci\u00f3n Municipal que encabeza el Alcalde, Alfonso Mart\u00ednez Alc\u00e1zar es la dotar a este sector econ\u00f3mico de la poblaci\u00f3n de mejores condiciones para trabajar.<\/p>\n<p>Adelant\u00f3 que se pretende que este Primer Festival del Mariachi impulsado por la autoridad municipal, se realice anualmente por lo cual invit\u00f3 a las agrupaciones musicales presentes a trabajar en unidad entre los profesionistas dedicados a esta labor para lograr consolidar el Festival.<\/p>\n<p>Gil V\u00e1zquez afirm\u00f3 que se tiene la expectativa de reunir a poco m\u00e1s de 10 mil personas para esta actividad que tendr\u00e1 tres etapas, la primera reiter\u00f3, ser\u00e1 a partir de Las Tarascas al filo de las 16:00 horas y posteriormente la segunda comenzar\u00e1 a las 17:00 con el arranque de la caravana con las agrupaciones de mariachis que amenizar\u00e1n el recorrido desde el Jard\u00edn Villalong\u00edn hasta llegar al Mercado de Dulces \u201cValent\u00edn G\u00f3mez Far\u00edas\u201d, para bajar por la calle del mismo nombre y seguir por Santiago Tapia para llegar por la calle Benito Ju\u00e1rez a la Plaza del Carmen a las 18:00 horas.<\/p>\n<p>Desde esa hora se inaugurar\u00e1 el evento para dar paso al homenaje al canta autor michoacano Juan Gabriel desde las 18:30 a las\u00a0 19:30 horas, asimismo desde las 19:30 a las 21:30 se tendr\u00e1 m\u00fasica popular mexicana con variado repertorio que invite a la poblaci\u00f3n a estar en un ambiente de fiesta y disfrute.<\/p>\n<p>El Secretario de Servicios P\u00fablicos, record\u00f3 que la tercera etapa consistir\u00e1 en el concurso de vestimenta al cual se invita a la poblaci\u00f3n a participar ataviados de ropas alusivas al mariachi y las Fiestas Patrias, y los tres primeros lugares se har\u00e1n acreedores a una serenata cada uno.<\/p>\n<p>Asimismo, la Regidora, Alma Bahena destac\u00f3 que las labores de este Primer Festival del Mariachi van de la mano con el cuidado que el Presidente Municipal, Alfonso Mart\u00ednez ha dado a estas organizaciones musicales al atender sus necesidades y escuchar sus inquietudes.<\/p>\n<p>Record\u00f3 que tanto el homenaje al cantautor y el concurso de vestuario forma parte del trabajo del Ayuntamiento de Morelia en la promoci\u00f3n cultural en el municipio para la poblaci\u00f3n en general y visitantes, incluso adelant\u00f3 que esta caminata con la que arrancar\u00e1 la actividad contar\u00e1 con la participaci\u00f3n de agrupaciones de charros que a caballo y ataviados de sus trajes t\u00edpicos, recorrer\u00e1n la Avenida Madero.<\/p>\n<p>Bahena Villalobos, destac\u00f3 que desde el Gobierno Municipal Independiente se trabaja con la sociedad en encontrar los causes para resolver las necesidades m\u00e1s sentidas de la ciudadan\u00eda.<\/p>\n<p>Asimismo, los representantes de las agrupaciones musicales como la Presidenta de la Coalici\u00f3n de Asociaciones Femeniles y Hombres de M\u00e9xico Internacional (CAFEHM-I), Ma. Lourdes \u00c1valos Mendoza y el Coordinador del Mariachi Libertad, Omar Arturo Jacuide Farf\u00e1n recordaron que esta acci\u00f3n busca conservar y preservar la m\u00fasica mexicana.<\/p>\n<p>Subray\u00f3 que estas labores forman parte de la promoci\u00f3n tur\u00edstica de la ciudad y que los visitantes disfruten de este espect\u00e1culo de trajes t\u00edpicos de la m\u00fasica vern\u00e1cula para lo cual se invita a la poblaci\u00f3n a participar y caracterizarse.<\/p>\n<p>De esta manera, el Ayuntamiento de Morelia exhort\u00f3 a la poblaci\u00f3n a realizar la difusi\u00f3n del folklor mexicano para lo cual organizaciones sociales y Gobierno Municipal, han construido eventos de calidad.<\/p>\n","protected":false},"excerpt":{"rendered":"<p>El Ayuntamiento de Morelia a trav\u00e9s de la Secretar\u00eda de Servicios P\u00fablicos Municipales anunci\u00f3 el Primer Festival del Mariachi a realizarse el pr\u00f3ximo 18 de septiembre, el cual arrancar\u00e1 con un desfile a las 16:00 horas en Las Tarascas a la altura del Jard\u00edn Villalong\u00edn, hasta llegar a la Plaza del Carmen.<\/p>\n","protected":false},"author":1,"featured_media":25917,"comment_status":"open","ping_status":"open","sticky":false,"template":"","format":"standard","meta":{"footnotes":""},"categories":[14,9],"tags":[],"class_list":["post-25916","post","type-post","status-publish","format-standard","has-post-thumbnail","hentry","category-destacadas","category-morelia"],"_links":{"self":[{"href":"https:\/\/radiowebmx.com\/nota\/wp-json\/wp\/v2\/posts\/25916","targetHints":{"allow":["GET"]}}],"collection":[{"href":"https:\/\/radiowebmx.com\/nota\/wp-json\/wp\/v2\/posts"}],"about":[{"href":"https:\/\/radiowebmx.com\/nota\/wp-json\/wp\/v2\/types\/post"}],"author":[{"embeddable":true,"href":"https:\/\/radiowebmx.com\/nota\/wp-json\/wp\/v2\/users\/1"}],"replies":[{"embeddable":true,"href":"https:\/\/radiowebmx.com\/nota\/wp-json\/wp\/v2\/comments?post=25916"}],"version-history":[{"count":1,"href":"https:\/\/radiowebmx.com\/nota\/wp-json\/wp\/v2\/posts\/25916\/revisions"}],"predecessor-version":[{"id":25918,"href":"https:\/\/radiowebmx.com\/nota\/wp-json\/wp\/v2\/posts\/25916\/revisions\/25918"}],"wp:featuredmedia":[{"embeddable":true,"href":"https:\/\/radiowebmx.com\/nota\/wp-json\/wp\/v2\/media\/25917"}],"wp:attachment":[{"href":"https:\/\/radiowebmx.com\/nota\/wp-json\/wp\/v2\/media?parent=25916"}],"wp:term":[{"taxonomy":"category","embeddable":true,"href":"https:\/\/radiowebmx.com\/nota\/wp-json\/wp\/v2\/categories?post=25916"},{"taxonomy":"post_tag","embeddable":true,"href":"https:\/\/radiowebmx.com\/nota\/wp-json\/wp\/v2\/tags?post=25916"}],"curies":[{"name":"wp","href":"https:\/\/api.w.org\/{rel}","templated":true}]}}