{"id":25913,"date":"2016-09-15T10:47:42","date_gmt":"2016-09-15T15:47:42","guid":{"rendered":"https:\/\/radiowebmx.com\/nota\/?p=25913"},"modified":"2016-09-15T10:47:42","modified_gmt":"2016-09-15T15:47:42","slug":"pascual-sigala-presidente-de-la-mesa-directiva-del-congreso","status":"publish","type":"post","link":"https:\/\/radiowebmx.com\/nota\/pascual-sigala-presidente-de-la-mesa-directiva-del-congreso\/","title":{"rendered":"Pascual Sigala presidente de la Mesa Directiva del Congreso"},"content":{"rendered":"<p class=\"x_MsoNormal\"><b>Morelia; Michoac\u00e1n, 14 de septiembre de 2016<\/b>.- En sesi\u00f3n extraordinaria el Pleno de la LXXIII Legislatura aprob\u00f3 el acuerdo mediante el cual se design\u00f3 al diputado Pascual S\u00edgala, como Presidente de la Mesa Directiva del Congreso local, por el periodo del 15 de septiembre del 2016, al 14 de septiembre del 2017.<\/p>\n<p class=\"x_MsoNormal\">Asimismo, se design\u00f3 como integrantes de la Mesa a los diputados Rosa Mar\u00eda de la Torre, vicepresidenta; Wilfrido L\u00e1zaro, primer secretario; Macarena Ch\u00e1vez, segunda secretaria y Belinda Iturbide, tercera secretaria.<\/p>\n<p class=\"x_MsoNormal\">La mesa directiva es el \u00f3rgano del Congreso que lo representa, preserva la libertad de sus deliberaciones y cuida la efectividad del trabajo legislativo; asimismo es el encargado de aplicar las disposiciones de su Ley Org\u00e1nica y de Procedimientos, as\u00ed como de los dem\u00e1s ordenamientos que de \u00e9sta emanen.<\/p>\n","protected":false},"excerpt":{"rendered":"<p>En sesi\u00f3n extraordinaria el Pleno de la LXXIII Legislatura aprob\u00f3 el acuerdo mediante el cual se design\u00f3 al diputado Pascual S\u00edgala, como Presidente de la Mesa Directiva del Congreso local, por el periodo del 15 de septiembre del 2016, al 14 de septiembre del 2017.<\/p>\n","protected":false},"author":1,"featured_media":25914,"comment_status":"open","ping_status":"open","sticky":false,"template":"","format":"standard","meta":{"footnotes":""},"categories":[6,14],"tags":[],"class_list":["post-25913","post","type-post","status-publish","format-standard","has-post-thumbnail","hentry","category-congreso-del-estado","category-destacadas"],"_links":{"self":[{"href":"https:\/\/radiowebmx.com\/nota\/wp-json\/wp\/v2\/posts\/25913","targetHints":{"allow":["GET"]}}],"collection":[{"href":"https:\/\/radiowebmx.com\/nota\/wp-json\/wp\/v2\/posts"}],"about":[{"href":"https:\/\/radiowebmx.com\/nota\/wp-json\/wp\/v2\/types\/post"}],"author":[{"embeddable":true,"href":"https:\/\/radiowebmx.com\/nota\/wp-json\/wp\/v2\/users\/1"}],"replies":[{"embeddable":true,"href":"https:\/\/radiowebmx.com\/nota\/wp-json\/wp\/v2\/comments?post=25913"}],"version-history":[{"count":1,"href":"https:\/\/radiowebmx.com\/nota\/wp-json\/wp\/v2\/posts\/25913\/revisions"}],"predecessor-version":[{"id":25915,"href":"https:\/\/radiowebmx.com\/nota\/wp-json\/wp\/v2\/posts\/25913\/revisions\/25915"}],"wp:featuredmedia":[{"embeddable":true,"href":"https:\/\/radiowebmx.com\/nota\/wp-json\/wp\/v2\/media\/25914"}],"wp:attachment":[{"href":"https:\/\/radiowebmx.com\/nota\/wp-json\/wp\/v2\/media?parent=25913"}],"wp:term":[{"taxonomy":"category","embeddable":true,"href":"https:\/\/radiowebmx.com\/nota\/wp-json\/wp\/v2\/categories?post=25913"},{"taxonomy":"post_tag","embeddable":true,"href":"https:\/\/radiowebmx.com\/nota\/wp-json\/wp\/v2\/tags?post=25913"}],"curies":[{"name":"wp","href":"https:\/\/api.w.org\/{rel}","templated":true}]}}