{"id":25860,"date":"2016-09-13T12:21:56","date_gmt":"2016-09-13T17:21:56","guid":{"rendered":"https:\/\/radiowebmx.com\/nota\/?p=25860"},"modified":"2016-09-13T12:21:56","modified_gmt":"2016-09-13T17:21:56","slug":"aprueban-diputados-presupuesto-de-egresos-2017","status":"publish","type":"post","link":"https:\/\/radiowebmx.com\/nota\/aprueban-diputados-presupuesto-de-egresos-2017\/","title":{"rendered":"Aprueban diputados presupuesto de egresos 2017"},"content":{"rendered":"<p class=\"x_MsoNormal\">Conforme a los principios de austeridad, ahorro, racionalidad y transparencia, el Pleno de la LXXIII Legislatura aprob\u00f3 el acuerdo que contiene el Presupuesto de Egresos del Poder Legislativo para el Ejercicio Fiscal 2017.<\/p>\n<p class=\"x_MsoNormal\">La propuesta presentada por los diputados integrantes de la Junta de Coordinaci\u00f3n Pol\u00edtica, as\u00ed como por el Comit\u00e9 de Administraci\u00f3n y Control, establece que el Poder Legislativo, para el cumplimiento de sus funciones constitucionales requerir\u00e1 la cantidad de 907 millones 390 mil pesos.<\/p>\n<p class=\"x_MsoNormal\">Agrega, que la programaci\u00f3n y presupuestaci\u00f3n del proyecto, se sustent\u00f3 en la proyecci\u00f3n realizada por el \u00f3rgano administrativo, en la cual se asigna a cada cap\u00edtulo de gasto, un presupuesto austero, pero suficiente para atender con los objetivos de cada \u00e1rea t\u00e9cnica administrativa.<\/p>\n<p class=\"x_MsoNormal\">Asimismo, la propuesta encuentra fundamento en la disciplina presupuestal, con estricto apego a las disposiciones legales de la materia, y a los principios de legalidad, eficiencia, eficacia, calidad en el servicio, econom\u00eda, transparencia, honestidad, racionalidad, austeridad y rendici\u00f3n de cuentas.<\/p>\n<p class=\"x_MsoNormal\">De igual forma, responde al Plan de Austeridad, Ahorro, Racionalidad y Transparencia Presupuestal, aprobado por la LXXIII Legislatura, con el prop\u00f3sito optimizar los recursos y mantener finanzas sanas.<\/p>\n<p class=\"x_MsoNormal\">El acuerdo ser\u00e1 enviado al Poder Ejecutivo para que sea integrado al proyecto de Presupuesto de Egresos 2017.<\/p>\n<p class=\"x_MsoNormal\">Cabe se\u00f1alar, que derivado que para el ejercicio fiscal 2016 se mantuvo el monto del a\u00f1o inmediato anterior, de 803 millones de pesos y ante la necesidad de solventar las obligaciones contra\u00eddas por la anterior Legislatura en el otorgamiento de bases, as\u00ed como cubrir compromisos contractuales, laudos laborales y la revisi\u00f3n del contrato colectivo, el Pleno del Congreso del Estado aprob\u00f3 un ajuste presupuestal de 60 millones 135 mil pesos.<\/p>\n","protected":false},"excerpt":{"rendered":"<p>Conforme a los principios de austeridad, ahorro, racionalidad y transparencia, el Pleno de la LXXIII Legislatura aprob\u00f3 el acuerdo que contiene el Presupuesto de Egresos del Poder Legislativo para el Ejercicio Fiscal 2017.<\/p>\n","protected":false},"author":1,"featured_media":25861,"comment_status":"open","ping_status":"open","sticky":false,"template":"","format":"standard","meta":{"footnotes":""},"categories":[6,14],"tags":[],"class_list":["post-25860","post","type-post","status-publish","format-standard","has-post-thumbnail","hentry","category-congreso-del-estado","category-destacadas"],"_links":{"self":[{"href":"https:\/\/radiowebmx.com\/nota\/wp-json\/wp\/v2\/posts\/25860","targetHints":{"allow":["GET"]}}],"collection":[{"href":"https:\/\/radiowebmx.com\/nota\/wp-json\/wp\/v2\/posts"}],"about":[{"href":"https:\/\/radiowebmx.com\/nota\/wp-json\/wp\/v2\/types\/post"}],"author":[{"embeddable":true,"href":"https:\/\/radiowebmx.com\/nota\/wp-json\/wp\/v2\/users\/1"}],"replies":[{"embeddable":true,"href":"https:\/\/radiowebmx.com\/nota\/wp-json\/wp\/v2\/comments?post=25860"}],"version-history":[{"count":1,"href":"https:\/\/radiowebmx.com\/nota\/wp-json\/wp\/v2\/posts\/25860\/revisions"}],"predecessor-version":[{"id":25862,"href":"https:\/\/radiowebmx.com\/nota\/wp-json\/wp\/v2\/posts\/25860\/revisions\/25862"}],"wp:featuredmedia":[{"embeddable":true,"href":"https:\/\/radiowebmx.com\/nota\/wp-json\/wp\/v2\/media\/25861"}],"wp:attachment":[{"href":"https:\/\/radiowebmx.com\/nota\/wp-json\/wp\/v2\/media?parent=25860"}],"wp:term":[{"taxonomy":"category","embeddable":true,"href":"https:\/\/radiowebmx.com\/nota\/wp-json\/wp\/v2\/categories?post=25860"},{"taxonomy":"post_tag","embeddable":true,"href":"https:\/\/radiowebmx.com\/nota\/wp-json\/wp\/v2\/tags?post=25860"}],"curies":[{"name":"wp","href":"https:\/\/api.w.org\/{rel}","templated":true}]}}