{"id":25854,"date":"2016-09-13T12:12:32","date_gmt":"2016-09-13T17:12:32","guid":{"rendered":"https:\/\/radiowebmx.com\/nota\/?p=25854"},"modified":"2016-09-13T12:12:32","modified_gmt":"2016-09-13T17:12:32","slug":"asiste-silvano-aureoles-a-clxix-aniversario-de-la-gesta-heroica-de-los-ninos-heroes","status":"publish","type":"post","link":"https:\/\/radiowebmx.com\/nota\/asiste-silvano-aureoles-a-clxix-aniversario-de-la-gesta-heroica-de-los-ninos-heroes\/","title":{"rendered":"Asiste Silvano Aureoles a CLXIX aniversario de la Gesta Heroica de los Ni\u00f1os H\u00e9roes"},"content":{"rendered":"<p><strong>Morelia, Michoac\u00e1n, a 13 de septiembre de 2016.-<\/strong> El Gobernador de Michoac\u00e1n, Silvano Aureoles Conejo, encabez\u00f3 el acto c\u00edvico con motivo del CLXIX aniversario de la Gesta Heroica de los Ni\u00f1os H\u00e9roes de Chapultepec, donde el comandante del 12vo. Batall\u00f3n de Infanter\u00eda, Paulo Francisco Ben\u00edtez G\u00f3mez pidi\u00f3 a sociedad y Gobierno cerrar filas, para defender al pueblo de manera coordinada contra aquellos que se oponen al nombre de un M\u00e9xico en paz.<\/p>\n<p>Ante la presencia tambi\u00e9n del mando especial para la seguridad de Michoac\u00e1n, general Pedro Felipe Gurrola Ram\u00edrez, Ben\u00edtez G\u00f3mez destac\u00f3 que los mexicanos enfrentan desaf\u00edos que ponen a prueba la unidad y voluntad como naci\u00f3n, y &#8220;para encararlos\u201d, el Gobierno de la Rep\u00fablica establece pol\u00edticas y estrategias, donde el factor com\u00fan que impera en su implementaci\u00f3n es el esfuerzo integral de todos y cada uno de nosotros.<\/p>\n<p>En la explanada del Jard\u00edn de los Ni\u00f1os H\u00e9roes, el comandante del 12vo. Batall\u00f3n de Infanter\u00eda refiri\u00f3 que el valor supremo de los mexicanos debe ser siempre la soberan\u00eda nacional, por lo que debe ser preservada y fortalecida.<\/p>\n<p>\u201cNuestra naci\u00f3n vive \u00e9pocas de cambio, las amenazas que atentan contra nuestro pueblo no vienen del extranjero, tienen su origen en el seno de nuestra propia naci\u00f3n ante la falta de principios \u00e9ticos &#8211; sociales que fomentan el crecimiento de violencia y la delincuencia\u201d.<\/p>\n<p>De igual manera, demand\u00f3 que no se debe permitir que la juventud sea presa f\u00e1cil de los falsos estereotipos que crea la delincuencia organizada\u00a0 y el narcotr\u00e1fico.<\/p>\n<p>\u201cJuntos podemos vencer a este mal que agobia a nuestra naci\u00f3n porque es gente sin escr\u00fapulos que lucra con el temor y el envenenamiento f\u00edsico de los ni\u00f1os y j\u00f3venes\u201d.<\/p>\n<p>Sin embargo, consider\u00f3 que Michoac\u00e1n es una entidad que avanza con paso firme en el fortalecimiento de las instituciones y la seguridad de sus habitantes, esto a pesar de los obst\u00e1culos que se han venido presentando y a\u00fan ante las grandes adversidades sigue de frente. \u201cLa grandeza de este estado y de M\u00e9xico en su conjunto se basa en su pueblo, su cultura y su historia (\u2026) Nosotros tenemos la obligaci\u00f3n de construir un M\u00e9xico m\u00e1s fuerte, un pa\u00eds con justicia y seguridad, educaci\u00f3n y empleo para las personas\u201d.<\/p>\n<p>Posteriormente, autoridades depositaron una ofrenda y rindieron guardia de honor al monumento en el que se encuentra inscrito los nombres de los protagonistas de la Gesta Heroica en el Castillo de Chapultepec.<\/p>\n<p>Asistieron a este acto, el secretario de Gobierno, Adrian L\u00f3pez Sol\u00eds; el procurador General de Justicia del Estado, Jos\u00e9 Mart\u00edn Godoy Castro; el secretario de Seguridad P\u00fablica, Jos\u00e9 Antonio Bernal Bustamante; la delegada en Michoac\u00e1n de la Procuradur\u00eda General de la Rep\u00fablica (PGR), Bertha Paredes Gardu\u00f1o; el presidente del Supremo Tribunal de Justicia en el Estado, Antonio Flores Negrete; el presidente de la Mesa Directiva del Congreso del Estado, diputado Raymundo Arreola Ortega; el comandante de la 21 Zona Militar, general Jos\u00e9 Francisco Morales C\u00e1zares.<\/p>\n<p>As\u00ed como el presidente municipal de Morelia, Alfonso Mart\u00ednez Alc\u00e1zar; el rector de la UMSNH, Medardo Serna Gonz\u00e1lez: el coordinador general de la Polic\u00eda Federal, Francisco Israel Galv\u00e1n Jaime, entre otras autoridades federales, estatales y municipales.<\/p>\n","protected":false},"excerpt":{"rendered":"<p>El Gobernador de Michoac\u00e1n, SAC, encabez\u00f3 el acto c\u00edvico con motivo del CLXIX aniversario de la Gesta Heroica de los Ni\u00f1os H\u00e9roes de Chapultepec, donde el comandante del 12vo. Batall\u00f3n de Infanter\u00eda, Paulo Francisco Ben\u00edtez G\u00f3mez pidi\u00f3 a sociedad y Gobierno cerrar filas, para defender al pueblo de manera coordinada contra aquellos que se oponen al nombre de un M\u00e9xico en paz.<\/p>\n","protected":false},"author":1,"featured_media":25855,"comment_status":"open","ping_status":"open","sticky":false,"template":"","format":"standard","meta":{"footnotes":""},"categories":[14,3],"tags":[],"class_list":["post-25854","post","type-post","status-publish","format-standard","has-post-thumbnail","hentry","category-destacadas","category-gobierno-del-estado-de-michoacan"],"_links":{"self":[{"href":"https:\/\/radiowebmx.com\/nota\/wp-json\/wp\/v2\/posts\/25854","targetHints":{"allow":["GET"]}}],"collection":[{"href":"https:\/\/radiowebmx.com\/nota\/wp-json\/wp\/v2\/posts"}],"about":[{"href":"https:\/\/radiowebmx.com\/nota\/wp-json\/wp\/v2\/types\/post"}],"author":[{"embeddable":true,"href":"https:\/\/radiowebmx.com\/nota\/wp-json\/wp\/v2\/users\/1"}],"replies":[{"embeddable":true,"href":"https:\/\/radiowebmx.com\/nota\/wp-json\/wp\/v2\/comments?post=25854"}],"version-history":[{"count":1,"href":"https:\/\/radiowebmx.com\/nota\/wp-json\/wp\/v2\/posts\/25854\/revisions"}],"predecessor-version":[{"id":25856,"href":"https:\/\/radiowebmx.com\/nota\/wp-json\/wp\/v2\/posts\/25854\/revisions\/25856"}],"wp:featuredmedia":[{"embeddable":true,"href":"https:\/\/radiowebmx.com\/nota\/wp-json\/wp\/v2\/media\/25855"}],"wp:attachment":[{"href":"https:\/\/radiowebmx.com\/nota\/wp-json\/wp\/v2\/media?parent=25854"}],"wp:term":[{"taxonomy":"category","embeddable":true,"href":"https:\/\/radiowebmx.com\/nota\/wp-json\/wp\/v2\/categories?post=25854"},{"taxonomy":"post_tag","embeddable":true,"href":"https:\/\/radiowebmx.com\/nota\/wp-json\/wp\/v2\/tags?post=25854"}],"curies":[{"name":"wp","href":"https:\/\/api.w.org\/{rel}","templated":true}]}}