{"id":25838,"date":"2016-09-12T14:20:25","date_gmt":"2016-09-12T19:20:25","guid":{"rendered":"https:\/\/radiowebmx.com\/nota\/?p=25838"},"modified":"2016-09-12T14:20:25","modified_gmt":"2016-09-12T19:20:25","slug":"ayuntamiento-de-morelia-invita-a-disfrutar-del-primer-festival-del-bunuelo-y-el-tamal","status":"publish","type":"post","link":"https:\/\/radiowebmx.com\/nota\/ayuntamiento-de-morelia-invita-a-disfrutar-del-primer-festival-del-bunuelo-y-el-tamal\/","title":{"rendered":"Ayuntamiento de Morelia invita a disfrutar del Primer Festival del Bu\u00f1uelo y el Tamal"},"content":{"rendered":"<p>En la b\u00fasqueda de promover a\u00fan m\u00e1s las tradiciones michoacanas e impulsar de mejor manera la econom\u00eda local, el Ayuntamiento de Morelia a trav\u00e9s de la Secretar\u00eda de Servicios P\u00fablicos Municipales, invita a la ciudadan\u00eda a asistir a las inmediaciones del Templo Mater Dolorosa en donde decenas de oferentes ponen a disposici\u00f3n de los asistentes una variedad de platillos que llaman a la vista y conquistan los sentidos.<\/p>\n<p>Los comensales podr\u00e1n encontrar y degustar tamales, bu\u00f1uelos, atoles, gelatinas, postres como reposter\u00eda y pan, los cuales son ofertados por los comerciantes de la Uni\u00f3n Mater Dolorosa con un trato amable y que invita la poblaci\u00f3n a convivir en familiar.<\/p>\n<p>Entre los productos que se pueden encontrar, algunos de ellos son ancestrales y las recetas y sabores son apegadas a como tradicionalmente las familias las preparaban en casa.<\/p>\n<p>El Secretario de Servicios P\u00fablicos Municipales, Jos\u00e9 Luis Gil V\u00e1zquez, record\u00f3 que el esquema de trabajo de la actual Administraci\u00f3n que encabeza el Alcalde Alfonso Mart\u00ednez Alc\u00e1zar, es la de promover la econom\u00eda y tradiciones en trabajo conjunto con los comerciantes organizados y regularizados, en aras de mejorar la econom\u00eda de las familias morelianas.<\/p>\n<p>Es de recordar que las diferentes actividades que se tendr\u00e1n para este domingo para amenizar las actividades del Primer Festival del Bu\u00f1uelo y el Tamal que se realiza a un costado del Templo Mater Dolorosa las cuales consisten en:<\/p>\n<p>15:30 horas intervenci\u00f3n del imitador Leo\u00a0 la voz gemela de Paquita la del Barrio; 16:30 Grupo de la Edad de Oro, baile de sal\u00f3n; posteriormente Marisol del R\u00edo Moreno con m\u00fasica ranchera y a las 17:30 horas se tendr\u00e1 la clausura del evento, sin embargo la degustaci\u00f3n de estos platillos podr\u00e1 continuar al filo de las 23:00 horas.<\/p>\n","protected":false},"excerpt":{"rendered":"<p>Los comensales podr\u00e1n encontrar y degustar tamales, bu\u00f1uelos, atoles, gelatinas, postres como reposter\u00eda y pan, los cuales son ofertados por los comerciantes de la Uni\u00f3n Mater Dolorosa con un trato amable y que invita la poblaci\u00f3n a convivir en familiar.<\/p>\n","protected":false},"author":1,"featured_media":25839,"comment_status":"open","ping_status":"open","sticky":false,"template":"","format":"standard","meta":{"footnotes":""},"categories":[14,9],"tags":[],"class_list":["post-25838","post","type-post","status-publish","format-standard","has-post-thumbnail","hentry","category-destacadas","category-morelia"],"_links":{"self":[{"href":"https:\/\/radiowebmx.com\/nota\/wp-json\/wp\/v2\/posts\/25838","targetHints":{"allow":["GET"]}}],"collection":[{"href":"https:\/\/radiowebmx.com\/nota\/wp-json\/wp\/v2\/posts"}],"about":[{"href":"https:\/\/radiowebmx.com\/nota\/wp-json\/wp\/v2\/types\/post"}],"author":[{"embeddable":true,"href":"https:\/\/radiowebmx.com\/nota\/wp-json\/wp\/v2\/users\/1"}],"replies":[{"embeddable":true,"href":"https:\/\/radiowebmx.com\/nota\/wp-json\/wp\/v2\/comments?post=25838"}],"version-history":[{"count":1,"href":"https:\/\/radiowebmx.com\/nota\/wp-json\/wp\/v2\/posts\/25838\/revisions"}],"predecessor-version":[{"id":25840,"href":"https:\/\/radiowebmx.com\/nota\/wp-json\/wp\/v2\/posts\/25838\/revisions\/25840"}],"wp:featuredmedia":[{"embeddable":true,"href":"https:\/\/radiowebmx.com\/nota\/wp-json\/wp\/v2\/media\/25839"}],"wp:attachment":[{"href":"https:\/\/radiowebmx.com\/nota\/wp-json\/wp\/v2\/media?parent=25838"}],"wp:term":[{"taxonomy":"category","embeddable":true,"href":"https:\/\/radiowebmx.com\/nota\/wp-json\/wp\/v2\/categories?post=25838"},{"taxonomy":"post_tag","embeddable":true,"href":"https:\/\/radiowebmx.com\/nota\/wp-json\/wp\/v2\/tags?post=25838"}],"curies":[{"name":"wp","href":"https:\/\/api.w.org\/{rel}","templated":true}]}}