{"id":25835,"date":"2016-09-12T14:05:53","date_gmt":"2016-09-12T19:05:53","guid":{"rendered":"https:\/\/radiowebmx.com\/nota\/?p=25835"},"modified":"2016-09-12T14:05:53","modified_gmt":"2016-09-12T19:05:53","slug":"inaugura-gobernador-pavimentacion-de-calle-en-quiroga","status":"publish","type":"post","link":"https:\/\/radiowebmx.com\/nota\/inaugura-gobernador-pavimentacion-de-calle-en-quiroga\/","title":{"rendered":"Inaugura Gobernador pavimentaci\u00f3n de calle en Quiroga"},"content":{"rendered":"<p><strong>Quiroga, Michoac\u00e1n, a 11 de septiembre de 2016.-<\/strong> Con una inversi\u00f3n cercana a los 10 millones de pesos en beneficio de los 28 mil habitantes de Quiroga, este domingo el Gobernador de Michoac\u00e1n, Silvano Aureoles Conejo, inaugur\u00f3 la pavimentaci\u00f3n de la calle Prolongaci\u00f3n Vasco de Quiroga en dicho municipio.<\/p>\n<p>&nbsp;<\/p>\n<p>A pesar de las inclemencias del tiempo con la presencia de lluvia, todos los asistentes permanecieron en el evento para acompa\u00f1ar al jefe del Ejecutivo en el Estado, quien adem\u00e1s entreg\u00f3 apoyos de los programas sociales que emprende su Gobierno.<\/p>\n<p>&nbsp;<\/p>\n<p>Aureoles Conejo anunci\u00f3 la entrega de recursos por el orden de los 2 millones 600 mil pesos del Fondo de Apoyo a los Municipios para el fortalecimiento de la infraestructura y 8 millones 300 mil pesos para el mejoramiento de 8 escuelas en Quiroga.<\/p>\n<p>&nbsp;<\/p>\n<p>Adem\u00e1s, el mandatario estatal se comprometi\u00f3 a dar cumplimiento a los proyectos de la Planta de Tratamiento de Aguas Residuales y a la construcci\u00f3n del nuevo Centro de Salud, as\u00ed como la ampliaci\u00f3n en la cobertura de todos los programas sociales como las Becas Futuro, el apoyo a las personas con discapacidad Avanza DIFerente, S\u00ed Alimenta para los adultos mayores, los cr\u00e9ditos Palabra de Mujer, entre otros.<\/p>\n<p>&nbsp;<\/p>\n<p>La se\u00f1ora Mar\u00eda Elena L\u00f3pez Rodr\u00edguez, a nombre de los beneficiarios agradeci\u00f3 los apoyos otorgados por el Gobernador, como cunas, sillas de ruedas y despensas para las personas que tienen mayor necesidad.<\/p>\n<p>&nbsp;<\/p>\n<p>Por su parte, el presidente municipal de Quiroga, Melchor Vargas Villica\u00f1a, tambi\u00e9n agradeci\u00f3 el respaldo del Gobierno del Estado para fortalecer el trabajo coordinado y lograr un mayor desarrollo del municipio que asegur\u00f3, debe ser reconocido como la \u201cCapital Mundial de las Carnitas\u201d.<\/p>\n<p>&nbsp;<\/p>\n<p>En esta gira de trabajo tambi\u00e9n estuvieron presentes el secretario de Gobierno, Adri\u00e1n L\u00f3pez Sol\u00eds; la directora general del DIF Michoac\u00e1n, Roc\u00edo Beamonte Romero; el coordinador general de la Comisi\u00f3n Estatal del Agua y Gesti\u00f3n de Cuencas, Germ\u00e1n Tena Fern\u00e1ndez, entre otros.<\/p>\n","protected":false},"excerpt":{"rendered":"<p>Con una inversi\u00f3n cercana a los 10 millones de pesos en beneficio de los 28 mil habitantes de Quiroga, este domingo el Gobernador de Michoac\u00e1n, Silvano Aureoles Conejo, inaugur\u00f3 la pavimentaci\u00f3n de la calle Prolongaci\u00f3n Vasco de Quiroga en dicho municipio.<\/p>\n","protected":false},"author":1,"featured_media":25836,"comment_status":"open","ping_status":"open","sticky":false,"template":"","format":"standard","meta":{"footnotes":""},"categories":[14,3],"tags":[],"class_list":["post-25835","post","type-post","status-publish","format-standard","has-post-thumbnail","hentry","category-destacadas","category-gobierno-del-estado-de-michoacan"],"_links":{"self":[{"href":"https:\/\/radiowebmx.com\/nota\/wp-json\/wp\/v2\/posts\/25835","targetHints":{"allow":["GET"]}}],"collection":[{"href":"https:\/\/radiowebmx.com\/nota\/wp-json\/wp\/v2\/posts"}],"about":[{"href":"https:\/\/radiowebmx.com\/nota\/wp-json\/wp\/v2\/types\/post"}],"author":[{"embeddable":true,"href":"https:\/\/radiowebmx.com\/nota\/wp-json\/wp\/v2\/users\/1"}],"replies":[{"embeddable":true,"href":"https:\/\/radiowebmx.com\/nota\/wp-json\/wp\/v2\/comments?post=25835"}],"version-history":[{"count":1,"href":"https:\/\/radiowebmx.com\/nota\/wp-json\/wp\/v2\/posts\/25835\/revisions"}],"predecessor-version":[{"id":25837,"href":"https:\/\/radiowebmx.com\/nota\/wp-json\/wp\/v2\/posts\/25835\/revisions\/25837"}],"wp:featuredmedia":[{"embeddable":true,"href":"https:\/\/radiowebmx.com\/nota\/wp-json\/wp\/v2\/media\/25836"}],"wp:attachment":[{"href":"https:\/\/radiowebmx.com\/nota\/wp-json\/wp\/v2\/media?parent=25835"}],"wp:term":[{"taxonomy":"category","embeddable":true,"href":"https:\/\/radiowebmx.com\/nota\/wp-json\/wp\/v2\/categories?post=25835"},{"taxonomy":"post_tag","embeddable":true,"href":"https:\/\/radiowebmx.com\/nota\/wp-json\/wp\/v2\/tags?post=25835"}],"curies":[{"name":"wp","href":"https:\/\/api.w.org\/{rel}","templated":true}]}}