{"id":25832,"date":"2016-09-12T13:42:20","date_gmt":"2016-09-12T18:42:20","guid":{"rendered":"https:\/\/radiowebmx.com\/nota\/?p=25832"},"modified":"2016-09-12T13:42:20","modified_gmt":"2016-09-12T18:42:20","slug":"a-cerrar-filas-a-favor-de-los-pueblos-originarios-convocan-cedillo-y-sigala","status":"publish","type":"post","link":"https:\/\/radiowebmx.com\/nota\/a-cerrar-filas-a-favor-de-los-pueblos-originarios-convocan-cedillo-y-sigala\/","title":{"rendered":"A cerrar filas a favor de los pueblos originarios  convocan Cedillo y Sigala"},"content":{"rendered":"<div class=\"_rp_25\"><\/div>\n<div class=\"_rp_c5\">\n<div>\n<div class=\"_rp_95\">\n<div>\n<div class=\"_rp_a5 rpHighlightAllClass rpHighlightBodyClass allowTextSelection\">\n<div>\n<div class=\"_rp_b5 ms-font-weight-regular ms-font-color-neutralDark\" tabindex=\"0\">\n<div class=\"rps_4f30\">\n<div>\n<div>\n<div dir=\"ltr\">\n<p class=\"x_MsoNormal\" align=\"center\"><b><span lang=\"ES-MX\">Morelia; Michoac\u00e1n, 10 de septiembre del 2016.-<\/span><\/b> Con las aportaciones de los pueblos originarios, autoridades, organismos aut\u00f3nomos e investigadores, se construye una legislaci\u00f3n acorde a las necesidades actuales de este sector, afirmaron los Diputado \u00c1ngel Cedillo Hern\u00e1ndez y el Presidente de la Junta de Coordinaci\u00f3n Pol\u00edtica en la LXXIII Legislatura Local, Pascual Sigala.<\/p>\n<p class=\"x_MsoNormal\">Al inaugurar el Foro de Consulta y Proceso Legislativo sobre los Derechos de los Pueblos Originarios de Michoac\u00e1n, los legisladores se\u00f1alaron que este trabajo desarrollado hasta el momento, en cumplimiento de sus obligaciones como representantes populares, es solo el principio para plasmar en\u00a0 distintas leyes, las aspiraciones de las comunidades ind\u00edgenas en materia pol\u00edtica de desarrollo econ\u00f3mico y social.<\/p>\n<p class=\"x_MsoNormal\">\n<p class=\"x_MsoNormal\">Ante la presencia del Consejero Presidente del IEM, Ram\u00f3n Hern\u00e1ndez, el Magistrado Presidente del TEEM, Alejandro Rodr\u00edguez, del secretario de Pueblos Ind\u00edgenas en la entidad, \u00c1ngel Alonso, de los diputados Pascual Sigala, Rosa Mar\u00eda de la Torre Torres y Roberto Carlos L\u00f3pez, el presidente de la Comisi\u00f3n de Pueblos Ind\u00edgenas, \u00c1ngel Cedillo llam\u00f3 a \u201csigamos en la lucha por la defensa de sus tierras, lengua, y cultura, as\u00ed como por un acceso a la justicia digna\u201d.<\/p>\n<p class=\"x_MsoNormal\">\n<p class=\"x_MsoNormal\">Destac\u00f3 que las opiniones que en dicho foro se han hecho, como propuestas, ser\u00e1n integradas en los trabajos que se realizan y resalt\u00f3 que estas actividades son con el objetivo de dar a conocer y someter a consulta tal y como lo marca la Constituci\u00f3n y tratados internacionales, el trabajo legislativo que este Poder realiza con base a sus atribuciones.<\/p>\n<p class=\"x_MsoNormal\">\n<p class=\"x_MsoNormal\">En ese sentido, dio a conocer que se han presentado iniciativas de ley, as\u00ed como reformas en materia ind\u00edgena, documentos que contienen la compilaci\u00f3n de las experiencias, an\u00e1lisis y propuestas de representantes de los pueblos originarios, organizaciones, acad\u00e9micos y funcionarios tanto estatales como federales.<\/p>\n<p class=\"x_MsoNormal\">\n<p class=\"x_MsoNormal\">Asimismo en dicho foro se cont\u00f3 con un panel de expertos y de ciudadanos, uno de ellos con la doctora Carmen Ventura Pati\u00f1o, investigadora del Centro de Estudios Rurales del Colegio de Michoac\u00e1n quien abord\u00f3 el tema de Procesos Auton\u00f3micos y Derechos Pol\u00edticos de los Pueblos Originarios y el de Derechos Humanos y Constitucionales la diputada Rosa Mar\u00eda de la Torre Torres expuso diversos puntos.<\/p>\n<p class=\"x_MsoNormal\">\n<p class=\"x_MsoNormal\">Tambi\u00e9n hubo un panel sobre pol\u00edticas p\u00fablicas el cual fue dirigido por el maestro N\u00e9stor Dimas Huacuz, profesor e investigador y coordinador de Educaci\u00f3n Ind\u00edgena en la Universidad Polit\u00e9cnica Nacional.<\/p>\n<p class=\"x_MsoNormal\">\n<p class=\"x_MsoNormal\">En el foro se cont\u00f3 con representantes de la Uni\u00f3n de Artesanos Ind\u00edgenas de Michoac\u00e1n, autoridades ind\u00edgenas de la Costa-Nahua, autoridades ind\u00edgenas Mazahua y Otom\u00ed, el Consejo Mayor de Gobierno Comunal de Cher\u00e1n, Consejo Ciudadano de los Barrios de Nahu\u00e1tzen, as\u00ed como los Consejos Comunales de Tanaco, Pich\u00e1taro y representantes de las regiones ind\u00edgenas de la Ci\u00e9nega, Lago y Ca\u00f1ada de los Once Pueblos.<\/p>\n<\/div>\n<\/div>\n<\/div>\n<\/div>\n<\/div>\n<\/div>\n<\/div>\n<\/div>\n<\/div>\n<\/div>\n<\/div>\n","protected":false},"excerpt":{"rendered":"<p>Con las aportaciones de los pueblos originarios, autoridades, organismos aut\u00f3nomos e investigadores, se construye una legislaci\u00f3n acorde a las necesidades actuales de este sector, afirmaron los Diputado \u00c1ngel Cedillo Hern\u00e1ndez y el Presidente de la Junta de Coordinaci\u00f3n Pol\u00edtica en la LXXIII Legislatura Local, Pascual Sigala.<\/p>\n","protected":false},"author":1,"featured_media":25833,"comment_status":"open","ping_status":"open","sticky":false,"template":"","format":"standard","meta":{"footnotes":""},"categories":[6,14,19],"tags":[],"class_list":["post-25832","post","type-post","status-publish","format-standard","has-post-thumbnail","hentry","category-congreso-del-estado","category-destacadas","category-grupo-parlamentario-del-prd"],"_links":{"self":[{"href":"https:\/\/radiowebmx.com\/nota\/wp-json\/wp\/v2\/posts\/25832","targetHints":{"allow":["GET"]}}],"collection":[{"href":"https:\/\/radiowebmx.com\/nota\/wp-json\/wp\/v2\/posts"}],"about":[{"href":"https:\/\/radiowebmx.com\/nota\/wp-json\/wp\/v2\/types\/post"}],"author":[{"embeddable":true,"href":"https:\/\/radiowebmx.com\/nota\/wp-json\/wp\/v2\/users\/1"}],"replies":[{"embeddable":true,"href":"https:\/\/radiowebmx.com\/nota\/wp-json\/wp\/v2\/comments?post=25832"}],"version-history":[{"count":1,"href":"https:\/\/radiowebmx.com\/nota\/wp-json\/wp\/v2\/posts\/25832\/revisions"}],"predecessor-version":[{"id":25834,"href":"https:\/\/radiowebmx.com\/nota\/wp-json\/wp\/v2\/posts\/25832\/revisions\/25834"}],"wp:featuredmedia":[{"embeddable":true,"href":"https:\/\/radiowebmx.com\/nota\/wp-json\/wp\/v2\/media\/25833"}],"wp:attachment":[{"href":"https:\/\/radiowebmx.com\/nota\/wp-json\/wp\/v2\/media?parent=25832"}],"wp:term":[{"taxonomy":"category","embeddable":true,"href":"https:\/\/radiowebmx.com\/nota\/wp-json\/wp\/v2\/categories?post=25832"},{"taxonomy":"post_tag","embeddable":true,"href":"https:\/\/radiowebmx.com\/nota\/wp-json\/wp\/v2\/tags?post=25832"}],"curies":[{"name":"wp","href":"https:\/\/api.w.org\/{rel}","templated":true}]}}