{"id":25820,"date":"2016-09-12T13:11:23","date_gmt":"2016-09-12T18:11:23","guid":{"rendered":"https:\/\/radiowebmx.com\/nota\/?p=25820"},"modified":"2016-09-12T13:11:23","modified_gmt":"2016-09-12T18:11:23","slug":"ayuntamiento-de-morelia-busca-conectar-al-mercado-de-dulces-con-un-corredor-turistico","status":"publish","type":"post","link":"https:\/\/radiowebmx.com\/nota\/ayuntamiento-de-morelia-busca-conectar-al-mercado-de-dulces-con-un-corredor-turistico\/","title":{"rendered":"Ayuntamiento de Morelia busca conectar al Mercado de Dulces con un corredor tur\u00edstico"},"content":{"rendered":"<p>Promover las tradiciones, tanto gastron\u00f3micas como culturales, es uno de los objetivos\u00a0del Ayuntamiento de Morelia, afirm\u00f3 el Secretario de Servicios P\u00fablicos Municipales, Jos\u00e9 Luis Gil V\u00e1zquez en el marco de la inauguraci\u00f3n del VIII Festival del Dulce y la Artesan\u00eda en el Mercado \u201cValent\u00edn G\u00f3mez Far\u00edas\u201d.<\/p>\n<p>Acompa\u00f1ado del Mariachi \u201cLa Loba\u201d, as\u00ed como de la Regidora y Coordinadora de la Comisi\u00f3n de Servicios P\u00fablicos Municipales, Alma Bahena Villalobos, la Secretaria de Turismo, Thelma Aquique Arrieta, el Director de Mercados, Jos\u00e9 Eugenio Villalobos Guzm\u00e1n y el Secretario de la Asociaci\u00f3n Civil de Dulces \u201cValent\u00edn G\u00f3mez Far\u00edas\u201d, Arturo Olvera, Gil V\u00e1zquez refrend\u00f3 todo el apoyo de la Administraci\u00f3n Municipal por incentivar las actividades de\u00a0los oferentes de este punto comercial.<\/p>\n<p>Anunci\u00f3 que de la mano de la encargada de la pol\u00edtica tur\u00edstica del municipio, Thelma Aquique, se buscar\u00e1n los recursos para dotar al Mercado de Dulces de la segunda etapa de remodelaci\u00f3n, en beneficio de los 171 comerciantes.<\/p>\n<p>El Secretario de Servicios P\u00fablicos Municipales refiri\u00f3 que el Mercado \u201cValent\u00edn G\u00f3mez Far\u00edas\u201d,\u00a0es el segundo destino tur\u00edstico de la ciudad despu\u00e9s de Catedral, por lo cual anunci\u00f3 que se busca que con el trabajo de la ciudadan\u00eda y el Gobierno Municipal, se concrete un corredor tur\u00edstico comprendido en estos dos emblem\u00e1ticos lugares.<\/p>\n<p>\u201cEse corredor tur\u00edstico lo queremos forjar desde lo que es la Catedral de Morelia a este mercado, es decir, necesitamos buscar un esquema, una estrategia que nos lleve a que atraigamos a todos los visitantes de la ciudad que vienen no s\u00f3lo a ver la iluminaci\u00f3n de Catedral sino que acuden a los alrededores de las plazas\u201d, explic\u00f3.<\/p>\n<p>Jos\u00e9 Luis Gil asegur\u00f3 que el Mercado de Dulces es tradicional y reconocido a nivel nacional e internacional, adem\u00e1s de que uno de los compromisos de la Administraci\u00f3n Municipal que encabeza el Alcalde, Alfonso Mart\u00ednez Alc\u00e1zar,\u00a0el promover el autoempleo, el turismo y entre ellos se encuentran la compra venta de \u00a0los \u00a0dulces y las \u00a0artesan\u00edas.<\/p>\n<p>Por su parte, la Regidora Alma Bahena Villalobos asegur\u00f3 que uno de los objetivos del Presidente Municipal, Alfonso Mart\u00ednez es posicionar a Morelia como el primer destino tur\u00edstico no playa en el pa\u00eds.<\/p>\n<p>Resalt\u00f3\u00a0que la ciudad tiene tradiciones y cultura que atrae a visitantes internacionales por lo cual desde el Gobierno Municipal, se\u00a0implementan los recursos ahorrados en gasto corriente en programas y eventos para la ciudadan\u00eda y turistas del municipio.<\/p>\n<p>Bahena Villalobos record\u00f3 que la manera de trabajar en este periodo de gobierno, ser\u00e1 a partir de la participaci\u00f3n de la ciudadan\u00eda, lo cual rinde frutos.<\/p>\n<p>A su vez, el Secretario de la Asociaci\u00f3n Civil de Dulces \u201cValent\u00edn G\u00f3mez Far\u00edas\u201d, Arturo Olvera, asegur\u00f3 que el esfuerzo de 5 generaciones de comerciantes muestra con orgullo los productos que ofrecen a los turistas y visitantes, adem\u00e1s de agradecer el impulso que autoridades municipales les han dado \u00a0como la Administraci\u00f3n que encabeza el Alcalde, Alfonso Mart\u00ednez.<\/p>\n<p>De esta forma el Ayuntamiento de Morelia arranc\u00f3 las actividades del VIII Festival del Dulce y la Artesan\u00eda en el Mercado \u201cValent\u00edn G\u00f3mez Far\u00edas\u201d o \u201cMercado de Dulces\u201d, que durante dos d\u00edas ofertar\u00e1n degustaciones de dulces, sus piezas de artesanales y cultura con el Mariachi \u201cLa Loba\u201d, la presentaci\u00f3n musical de la Academia HABBIBI ANA YALEILI, el grupo art\u00edstico GAM Morelia, danza \u00e1rabe, m\u00fasica de trova, entre otras m\u00e1s.<\/p>\n","protected":false},"excerpt":{"rendered":"<p>Promover las tradiciones, tanto gastron\u00f3micas como culturales, es uno de los objetivos del Ayuntamiento de Morelia, afirm\u00f3 el Secretario de Servicios P\u00fablicos Municipales, Jos\u00e9 Luis Gil V\u00e1zquez en el marco de la inauguraci\u00f3n del VIII Festival del Dulce y la Artesan\u00eda en el Mercado \u201cValent\u00edn G\u00f3mez Far\u00edas\u201d.<\/p>\n","protected":false},"author":1,"featured_media":25821,"comment_status":"open","ping_status":"open","sticky":false,"template":"","format":"standard","meta":{"footnotes":""},"categories":[14,9],"tags":[],"class_list":["post-25820","post","type-post","status-publish","format-standard","has-post-thumbnail","hentry","category-destacadas","category-morelia"],"_links":{"self":[{"href":"https:\/\/radiowebmx.com\/nota\/wp-json\/wp\/v2\/posts\/25820","targetHints":{"allow":["GET"]}}],"collection":[{"href":"https:\/\/radiowebmx.com\/nota\/wp-json\/wp\/v2\/posts"}],"about":[{"href":"https:\/\/radiowebmx.com\/nota\/wp-json\/wp\/v2\/types\/post"}],"author":[{"embeddable":true,"href":"https:\/\/radiowebmx.com\/nota\/wp-json\/wp\/v2\/users\/1"}],"replies":[{"embeddable":true,"href":"https:\/\/radiowebmx.com\/nota\/wp-json\/wp\/v2\/comments?post=25820"}],"version-history":[{"count":1,"href":"https:\/\/radiowebmx.com\/nota\/wp-json\/wp\/v2\/posts\/25820\/revisions"}],"predecessor-version":[{"id":25822,"href":"https:\/\/radiowebmx.com\/nota\/wp-json\/wp\/v2\/posts\/25820\/revisions\/25822"}],"wp:featuredmedia":[{"embeddable":true,"href":"https:\/\/radiowebmx.com\/nota\/wp-json\/wp\/v2\/media\/25821"}],"wp:attachment":[{"href":"https:\/\/radiowebmx.com\/nota\/wp-json\/wp\/v2\/media?parent=25820"}],"wp:term":[{"taxonomy":"category","embeddable":true,"href":"https:\/\/radiowebmx.com\/nota\/wp-json\/wp\/v2\/categories?post=25820"},{"taxonomy":"post_tag","embeddable":true,"href":"https:\/\/radiowebmx.com\/nota\/wp-json\/wp\/v2\/tags?post=25820"}],"curies":[{"name":"wp","href":"https:\/\/api.w.org\/{rel}","templated":true}]}}