{"id":25815,"date":"2016-09-12T13:03:23","date_gmt":"2016-09-12T18:03:23","guid":{"rendered":"https:\/\/radiowebmx.com\/nota\/?p=25815"},"modified":"2016-09-12T13:03:23","modified_gmt":"2016-09-12T18:03:23","slug":"ayuntamiento-conmemora-el-clxxxviii-aniversario-del-cambio-de-nombre-de-valladolid-a-morelia","status":"publish","type":"post","link":"https:\/\/radiowebmx.com\/nota\/ayuntamiento-conmemora-el-clxxxviii-aniversario-del-cambio-de-nombre-de-valladolid-a-morelia\/","title":{"rendered":"Ayuntamiento conmemora el CLXXXVIII Aniversario del Cambio de nombre de Valladolid a Morelia"},"content":{"rendered":"<p>Con la finalidad de celebrar el 188 aniversario del cambio de nombre de Valladolid a Morelia, en honor al H\u00e9roe de la Independencia de M\u00e9xico, Don Jos\u00e9 Mar\u00eda Morelos y Pav\u00f3n, el Ayuntamiento encabezado por el Presidente Municipal, Alfonso Mart\u00ednez Alc\u00e1zar, llev\u00f3 a cabo este lunes un acto conmemorativo a esta importante fecha hist\u00f3rica.<br \/>\nCon la presencia del S\u00edndico Municipal, Fabio Sistos Rangel; el Secretario del Ayuntamiento, Jes\u00fas Avalos Plata y el Sub Secretario de Gobierno, Armando Hurtado Ar\u00e9valo, representando al Gobernador del Estado, Silvano Aureoles Conejo; el Regidor, Jorge Luis Tinoco Ortiz quien fungi\u00f3 como orador oficial del evento, desatac\u00f3 la importancia que tiene la capital michoacana en diversos episodios hist\u00f3ricos de nuestro pa\u00eds.<\/p>\n<p>\u201cEs en Valladolid, hoy Morelia, en donde encontramos el inicio ideol\u00f3gico as\u00ed como la consumaci\u00f3n de la Independencia de nuestro pa\u00eds, en ella se encuentran las instituciones educativas que dieron forma a los anhelos independentistas como el Colegio de San Nicol\u00e1s\u201d, dijo Tinoco Ortiz.<\/p>\n<p>Se\u00f1al\u00f3 que en el marco de las Fiestas Patrias, resulta de suma importancia celebrar los acontecimientos hist\u00f3ricos y a los H\u00e9roes que han dado la libertad e identidad a los Mexicanos.<\/p>\n<p>En el acto, estuvieron presentes adem\u00e1s autoridades municipales, estudiantes y representantes de la sociedad en general.<\/p>\n","protected":false},"excerpt":{"rendered":"<p>Con la finalidad de celebrar el 188 aniversario del cambio de nombre de Valladolid a Morelia, en honor al H\u00e9roe de la Independencia de M\u00e9xico, Don Jos\u00e9 Mar\u00eda Morelos y Pav\u00f3n, el Ayuntamiento encabezado por el Presidente Municipal, Alfonso Mart\u00ednez Alc\u00e1zar, llev\u00f3 a cabo este lunes un acto conmemorativo a esta importante fecha hist\u00f3rica.<\/p>\n","protected":false},"author":1,"featured_media":25816,"comment_status":"open","ping_status":"open","sticky":false,"template":"","format":"standard","meta":{"footnotes":""},"categories":[14,9],"tags":[],"class_list":["post-25815","post","type-post","status-publish","format-standard","has-post-thumbnail","hentry","category-destacadas","category-morelia"],"_links":{"self":[{"href":"https:\/\/radiowebmx.com\/nota\/wp-json\/wp\/v2\/posts\/25815","targetHints":{"allow":["GET"]}}],"collection":[{"href":"https:\/\/radiowebmx.com\/nota\/wp-json\/wp\/v2\/posts"}],"about":[{"href":"https:\/\/radiowebmx.com\/nota\/wp-json\/wp\/v2\/types\/post"}],"author":[{"embeddable":true,"href":"https:\/\/radiowebmx.com\/nota\/wp-json\/wp\/v2\/users\/1"}],"replies":[{"embeddable":true,"href":"https:\/\/radiowebmx.com\/nota\/wp-json\/wp\/v2\/comments?post=25815"}],"version-history":[{"count":1,"href":"https:\/\/radiowebmx.com\/nota\/wp-json\/wp\/v2\/posts\/25815\/revisions"}],"predecessor-version":[{"id":25817,"href":"https:\/\/radiowebmx.com\/nota\/wp-json\/wp\/v2\/posts\/25815\/revisions\/25817"}],"wp:featuredmedia":[{"embeddable":true,"href":"https:\/\/radiowebmx.com\/nota\/wp-json\/wp\/v2\/media\/25816"}],"wp:attachment":[{"href":"https:\/\/radiowebmx.com\/nota\/wp-json\/wp\/v2\/media?parent=25815"}],"wp:term":[{"taxonomy":"category","embeddable":true,"href":"https:\/\/radiowebmx.com\/nota\/wp-json\/wp\/v2\/categories?post=25815"},{"taxonomy":"post_tag","embeddable":true,"href":"https:\/\/radiowebmx.com\/nota\/wp-json\/wp\/v2\/tags?post=25815"}],"curies":[{"name":"wp","href":"https:\/\/api.w.org\/{rel}","templated":true}]}}