{"id":25800,"date":"2016-09-09T12:04:57","date_gmt":"2016-09-09T17:04:57","guid":{"rendered":"https:\/\/radiowebmx.com\/nota\/?p=25800"},"modified":"2016-09-09T12:04:57","modified_gmt":"2016-09-09T17:04:57","slug":"llama-alfonso-martinez-a-ciudadania-a-ser-custodios-del-patrimonio-cultural-de-morelia","status":"publish","type":"post","link":"https:\/\/radiowebmx.com\/nota\/llama-alfonso-martinez-a-ciudadania-a-ser-custodios-del-patrimonio-cultural-de-morelia\/","title":{"rendered":"Llama Alfonso Mart\u00ednez a ciudadan\u00eda a ser custodios del Patrimonio Cultural de Morelia"},"content":{"rendered":"<p>Un exhorto a todos los morelianos para trabajar en conjunto con la autoridad municipal, a fin de que la capital del estado siga conservando su belleza arquitect\u00f3nica y cultural y contribuir para que sea una ciudad m\u00e1s ordenada y segura, realiz\u00f3 el Presidente Municipal, Alfonso Mart\u00ednez Alc\u00e1zar, durate la Sesi\u00f3n Solemne de Cabildo celebrada este jueves, donde integrantes de la Comisi\u00f3n Ejecutora encargada de la elaboraci\u00f3n del expediente de Morelia como Patrimonio de la Humanidad, donaron la Presea \u201cGeneral\u00edsimo Morelos\u201d 2016 al Ayuntamiento capitalino.<\/p>\n<p>\u201cAs\u00ed como ellos han luchado y han hecho algo por la ciudad, todos los morelianos debemos hacer lo mismo. No se trata de haber inscrito a nuestra ciudad como una de las ciudades m\u00e1s bellas, Patrimonio de la Humanidad, sino tambi\u00e9n de conservar todos los d\u00edas su imagen, de trabajar para que Morelia siga como una de las ciudades m\u00e1s limpia de M\u00e9xico y el mundo y para que sea una ciudad m\u00e1s segura\u201d, subray\u00f3 el Alcalde al hacer referencia al esfuerzo que efectu\u00f3 la Comisi\u00f3n para lograr hace casi 25 a\u00f1os dicha declaratoria por la UNESCO.<\/p>\n<p>En este tenor, enfatiz\u00f3 que los capitalinos son custodios de este patrimonio en el que mil 113 edificios del Centro Hist\u00f3rico cuentan con tal distinci\u00f3n, de tal manera que la ciudad sea vista y disfrutada por todo el mundo.<\/p>\n<p>El Presidente Municipal destac\u00f3 que en el caso de la actual Administraci\u00f3n, uno de las aportaciones m\u00e1s significativas para conservar esta denominaci\u00f3n, es que logr\u00f3 que Morelia sea la sede de la 8\u00aa Secretar\u00eda Regional de la Organizaci\u00f3n de las Ciudades del Patrimonio Mundial (OCPM).<\/p>\n<p>\u201cEs digno de resaltarse porque hay muchas ciudades patrimonio pero la nuestra es majestuosa, Morelia es se\u00f1orial y merece ser la representante de otras 21 ciudades patrimonio de Am\u00e9rica Latina y el Caribe\u201d, destac\u00f3.<\/p>\n<p>Asimismo, Mart\u00ednez Alc\u00e1zar reconoci\u00f3 la \u201cmuestra de solidaridad\u201d de los integrantes de la Comisi\u00f3n, Jaime Hern\u00e1ndez D\u00edaz, Mar\u00eda Teresa Mart\u00ednez Pe\u00f1alosa, Mar\u00eda Esperanza Ram\u00edrez Romero y H\u00e9ctor Gonzalo Bautista Mej\u00eda, por hacer la donaci\u00f3n de la Presea que les fue entregada el 18 de mayo del a\u00f1o en curso, en el \u00e1nimo de que est\u00e1 sea exhibida en el Archivo Hist\u00f3rico Municipal, traspasando as\u00ed las barreras del tiempo.<\/p>\n<p>Por su parte, la Regidora Mar\u00eda Elisa Garrido P\u00e9rez destac\u00f3 el compromiso de este grupo de profesionales que comenzaron a impulsar hace 25 a\u00f1os, el proyecto que en un primer momento se ve\u00eda imposible, ambicioso, y con trascendencia mundial, que era elevar a Patrimonio Mundial el Centro Hist\u00f3rico de Morelia, \u201cesa Morelia que vio nacer a Morelos, Michelena, Iturbide a Josefa, a la Independencia\u201d.<\/p>\n<p>Destac\u00f3 que como autoridad municipal tienen la voluntad y el impulso y de detener el deterioro de la capital michoacana, y resaltar las costumbres y tradiciones, reforzando el orgullosos de los morelianos por vivir en esta ciudad.<\/p>\n<p>En su oportunidad, Jaime Hern\u00e1ndez, a nombre de la Comisi\u00f3n Ejecutora, refiri\u00f3 que el inter\u00e9s por donar este galard\u00f3n busca dejar constancia del \u201ccuerpo y alma\u201d de Morelia, de sus calles, monumentos, historia y legado, siendo que el Archivo Hist\u00f3rico guarda esta esencia.<\/p>\n<p>\u201cEs una actitud sin el mayor inter\u00e9s ni protagonismo, es un reconocimiento al esfuerzo colectivo, institucional y al esfuerzo individual de los que realizamos el proceso para buscar la declaratoria de la ciudad como Patrimonio Cultural\u201d, acot\u00f3.<\/p>\n<p>Es de se\u00f1alar que en la Sesi\u00f3n Solemne, el Cabildo hizo entrega de un reconocimiento y una r\u00e9plica de la Presea General\u00edsimo Morelos a los cuatro integrantes.<\/p>\n<p>Posteriormente, autoridades municipales y los miembros de la Comisi\u00f3n acudieron al Archivo Hist\u00f3rico Municipal, a hacer la entrega de dicho distintivo, el cual descansa a un costado del expediente original de Morelia como Patrimonio de la Humanidad.<\/p>\n","protected":false},"excerpt":{"rendered":"<p>\u201cAs\u00ed como ellos han luchado y han hecho algo por la ciudad, todos los morelianos debemos hacer lo mismo. No se trata de haber inscrito a nuestra ciudad como una de las ciudades m\u00e1s bellas, Patrimonio de la Humanidad, sino tambi\u00e9n de conservar todos los d\u00edas su imagen, de trabajar para que Morelia siga como una de las ciudades m\u00e1s limpia de M\u00e9xico&#8230;&#8221;<\/p>\n","protected":false},"author":1,"featured_media":25802,"comment_status":"open","ping_status":"open","sticky":false,"template":"","format":"standard","meta":{"footnotes":""},"categories":[14,9],"tags":[],"class_list":["post-25800","post","type-post","status-publish","format-standard","has-post-thumbnail","hentry","category-destacadas","category-morelia"],"_links":{"self":[{"href":"https:\/\/radiowebmx.com\/nota\/wp-json\/wp\/v2\/posts\/25800","targetHints":{"allow":["GET"]}}],"collection":[{"href":"https:\/\/radiowebmx.com\/nota\/wp-json\/wp\/v2\/posts"}],"about":[{"href":"https:\/\/radiowebmx.com\/nota\/wp-json\/wp\/v2\/types\/post"}],"author":[{"embeddable":true,"href":"https:\/\/radiowebmx.com\/nota\/wp-json\/wp\/v2\/users\/1"}],"replies":[{"embeddable":true,"href":"https:\/\/radiowebmx.com\/nota\/wp-json\/wp\/v2\/comments?post=25800"}],"version-history":[{"count":1,"href":"https:\/\/radiowebmx.com\/nota\/wp-json\/wp\/v2\/posts\/25800\/revisions"}],"predecessor-version":[{"id":25803,"href":"https:\/\/radiowebmx.com\/nota\/wp-json\/wp\/v2\/posts\/25800\/revisions\/25803"}],"wp:featuredmedia":[{"embeddable":true,"href":"https:\/\/radiowebmx.com\/nota\/wp-json\/wp\/v2\/media\/25802"}],"wp:attachment":[{"href":"https:\/\/radiowebmx.com\/nota\/wp-json\/wp\/v2\/media?parent=25800"}],"wp:term":[{"taxonomy":"category","embeddable":true,"href":"https:\/\/radiowebmx.com\/nota\/wp-json\/wp\/v2\/categories?post=25800"},{"taxonomy":"post_tag","embeddable":true,"href":"https:\/\/radiowebmx.com\/nota\/wp-json\/wp\/v2\/tags?post=25800"}],"curies":[{"name":"wp","href":"https:\/\/api.w.org\/{rel}","templated":true}]}}