{"id":25794,"date":"2016-09-09T11:53:21","date_gmt":"2016-09-09T16:53:21","guid":{"rendered":"https:\/\/radiowebmx.com\/nota\/?p=25794"},"modified":"2016-09-09T11:53:21","modified_gmt":"2016-09-09T16:53:21","slug":"expone-secretaria-de-desarrollo-economico-y-emprendedor-atractivos-de-inversion-de-morelia-en-china","status":"publish","type":"post","link":"https:\/\/radiowebmx.com\/nota\/expone-secretaria-de-desarrollo-economico-y-emprendedor-atractivos-de-inversion-de-morelia-en-china\/","title":{"rendered":"Expone Secretar\u00eda de Desarrollo Econ\u00f3mico y Emprendedor atractivos de inversi\u00f3n de Morelia en China"},"content":{"rendered":"<p>Tras la firma del convenio de cooperaci\u00f3n bilateral entre Morelia y la C\u00e1mara de Comercio de M\u00e9xico en China (MEXCHAM), el municipio vislumbra un escenario alentador para la atracci\u00f3n de inversiones en materia agr\u00edcola y minera, as\u00ed como la comercializaci\u00f3n de industrias culturales, inform\u00f3 la Secretaria de Desarrollo Econ\u00f3mico y Emprendedor, Ireri Rivera Garc\u00eda.<\/p>\n<p>Tras destacar que su estancia en el pa\u00eds asi\u00e1tico ha sido fruct\u00edfera para la capital de Michoac\u00e1n, la funcionaria municipal indic\u00f3 que gracias a las reuniones que se han llevado a cabo en el marco de este convenio, se han fortalecido las alianzas econ\u00f3micas con la finalidad de establecer acuerdos de transferencia tecnol\u00f3gica y de buenas pr\u00e1cticas gubernamentales.<\/p>\n<p>Por otra parte, destac\u00f3 que en el marco de la sesi\u00f3n plenaria con l\u00edderes de negocios y funcionarios de China y Australia y previo a la presentaci\u00f3n de la Delegaci\u00f3n Mexicana, se proyect\u00f3 el video del Ayuntamiento Morelia, en el cual se deja de manifiesto el inter\u00e9s del municipio por atraer inversionistas y convertirse en un ejemplo de las ciudades de M\u00e9xico, en cuanto al impulso al emprendimiento y la implementaci\u00f3n de pol\u00edticas p\u00fablicas de vanguardia se refiere.<\/p>\n<p>La encargada de la pol\u00edtica p\u00fablica en el municipio, refiri\u00f3 que en dicho foro se abord\u00f3 el papel de los gobiernos en la implementaci\u00f3n de las pol\u00edticas p\u00fablicas propuestas por la iniciativa privada a nivel internacional, acciones que se podr\u00edan incluir a nivel local para reactivar el crecimiento econ\u00f3mico, impulsar la innovaci\u00f3n y generar empleo en la ciudad.<\/p>\n<p>Asimismo, agreg\u00f3 que se tuvo una experiencia enriquecedora en la reuni\u00f3n con j\u00f3venes emprendedores, funcionarios de las oficinas de PROMEXICO en Beij\u00edn y la consejer\u00eda de relaciones exteriores, para evaluar la postura que tendr\u00eda la Delegaci\u00f3n Mexicana en la Cumbre G20 en China. En dicho encuentro, puntualiz\u00f3, estuvieron presentes 30 delegados empresarios j\u00f3venes la mayor\u00eda de COPARMEX, adem\u00e1s que se cont\u00f3 con la asistencia de Rodrigo Mel\u00e9ndrez, representante de la Embajada de M\u00e9xico en China.<\/p>\n<p>Ireri Rivera se\u00f1al\u00f3 tambi\u00e9n que Morelia tuvo participaci\u00f3n en las sesiones de Tecnolog\u00edas de la informaci\u00f3n de tendencias hacia el futuro, donde qued\u00f3 de manifiesto el papel que juega M\u00e9xico que, por su ubicaci\u00f3n geogr\u00e1fica, es el lugar estrat\u00e9gico donde convergen tanto el desarrollo norteamericano como el latinoamericano.<\/p>\n<p>Derivado de lo anterior, se puso sobre la mesa el futuro de la agricultura y los agronegocios, la implementaci\u00f3n de tecnolog\u00eda a nivel internacional, as\u00ed como el impulso al comercio electr\u00f3nico, como base del desarrollo en el intercambio de bienes y servicios.<\/p>\n<p>De igual manera, explic\u00f3, la Delegaci\u00f3n Mexicana tuvo una sesi\u00f3n especial de Networting con la Delegaci\u00f3n Alemana, a trav\u00e9s de la se generaron lazos que podr\u00edan llevar a fortalecer alianzas entre ambas naciones, as\u00ed como los posibles acuerdos bilaterales de cara al pr\u00f3ximo G20 a celebrarse en Alemania en el 2017.<\/p>\n<p>La Secretaria de Desarrollo Econ\u00f3mico y Emprendedor, especific\u00f3 que con las sesiones de trabajo conjunto, quedaron sentadas las bases para el establecimiento de sinergias con otros pa\u00edses, la implementaci\u00f3n de pol\u00edticas p\u00fablicas para el desarrollo econ\u00f3mico, as\u00ed como las recomendaciones que permitir\u00e1n generar mejores pr\u00e1cticas de emprendimiento en el mundo, M\u00e9xico y Morelia.<\/p>\n","protected":false},"excerpt":{"rendered":"<p>Tras la firma del convenio de cooperaci\u00f3n bilateral entre Morelia y la MEXCHAM, el municipio vislumbra un escenario alentador para la atracci\u00f3n de inversiones en materia agr\u00edcola y minera, as\u00ed como la comercializaci\u00f3n de industrias culturales, inform\u00f3 la Secretaria de Desarrollo Econ\u00f3mico y Emprendedor, Ireri Rivera Garc\u00eda.<\/p>\n","protected":false},"author":1,"featured_media":25795,"comment_status":"open","ping_status":"open","sticky":false,"template":"","format":"standard","meta":{"footnotes":""},"categories":[14,9],"tags":[],"class_list":["post-25794","post","type-post","status-publish","format-standard","has-post-thumbnail","hentry","category-destacadas","category-morelia"],"_links":{"self":[{"href":"https:\/\/radiowebmx.com\/nota\/wp-json\/wp\/v2\/posts\/25794","targetHints":{"allow":["GET"]}}],"collection":[{"href":"https:\/\/radiowebmx.com\/nota\/wp-json\/wp\/v2\/posts"}],"about":[{"href":"https:\/\/radiowebmx.com\/nota\/wp-json\/wp\/v2\/types\/post"}],"author":[{"embeddable":true,"href":"https:\/\/radiowebmx.com\/nota\/wp-json\/wp\/v2\/users\/1"}],"replies":[{"embeddable":true,"href":"https:\/\/radiowebmx.com\/nota\/wp-json\/wp\/v2\/comments?post=25794"}],"version-history":[{"count":1,"href":"https:\/\/radiowebmx.com\/nota\/wp-json\/wp\/v2\/posts\/25794\/revisions"}],"predecessor-version":[{"id":25796,"href":"https:\/\/radiowebmx.com\/nota\/wp-json\/wp\/v2\/posts\/25794\/revisions\/25796"}],"wp:featuredmedia":[{"embeddable":true,"href":"https:\/\/radiowebmx.com\/nota\/wp-json\/wp\/v2\/media\/25795"}],"wp:attachment":[{"href":"https:\/\/radiowebmx.com\/nota\/wp-json\/wp\/v2\/media?parent=25794"}],"wp:term":[{"taxonomy":"category","embeddable":true,"href":"https:\/\/radiowebmx.com\/nota\/wp-json\/wp\/v2\/categories?post=25794"},{"taxonomy":"post_tag","embeddable":true,"href":"https:\/\/radiowebmx.com\/nota\/wp-json\/wp\/v2\/tags?post=25794"}],"curies":[{"name":"wp","href":"https:\/\/api.w.org\/{rel}","templated":true}]}}