{"id":25785,"date":"2016-09-09T11:33:04","date_gmt":"2016-09-09T16:33:04","guid":{"rendered":"https:\/\/radiowebmx.com\/nota\/?p=25785"},"modified":"2016-09-09T11:33:04","modified_gmt":"2016-09-09T16:33:04","slug":"dif-morelia-otorga-215-servicios-en-la-comunidad-de-la-alberca","status":"publish","type":"post","link":"https:\/\/radiowebmx.com\/nota\/dif-morelia-otorga-215-servicios-en-la-comunidad-de-la-alberca\/","title":{"rendered":"DIF Morelia otorga 215 servicios en la comunidad de La Alberca"},"content":{"rendered":"<p>Con el objetivo de acercar atenci\u00f3n m\u00e9dica, psicol\u00f3gica, jur\u00eddica y alimentaria a todas las comunidades del municipio, la Brigada de Servicios del DIF Morelia se instal\u00f3 en la escuela primaria \u201cEmancipaci\u00f3n del Pueblo\u201d, en la comunidad de La Alberca, donde se dieron 215 atenciones a cerca de cien personas de todas las edades.<\/p>\n<p>La brigada estuvo encabezada por la Jefa de Departamento de Programas Alimentarios, Rosamar\u00eda Santill\u00e1n Ferreyra y la de Atenci\u00f3n Social, Rosa Carmen Guzm\u00e1n Lafarga, quienes recordaron que la Brigada de Servicios del DIF Morelia es un programa permanente que se realiza en cumplimiento de los ejes de desarrollo social trazados por el Presidente Municipal, Alfonso Mart\u00ednez Alc\u00e1zar.<\/p>\n<p>Por parte del \u00e1rea de Atenci\u00f3n Social se montaron seis m\u00f3dulos de servicios: uno de odontolog\u00eda que atendi\u00f3 a 36 pobladores; uno medico donde se atendieron 21 personas; un m\u00f3dulo de optometr\u00eda que realiz\u00f3 13 ex\u00e1menes de la vista y la misma cantidad de lentes a bajo costo y uno de atenci\u00f3n psicol\u00f3gica que brind\u00f3 seis consultas; adem\u00e1s se otorg\u00f3 una pl\u00e1tica a 57 ni\u00f1os de primaria y nueve de preescolar sobre el cuidado correcto de los dientes.<\/p>\n<p>En tanto, el \u00e1rea de Programas Alimentarios mont\u00f3 un taller de orientaci\u00f3n alimentaria al que acudieron 19 mujeres de la comunidad a quienes se les ense\u00f1\u00f3 la preparaci\u00f3n de tinga de repollo y ceviche de soya, dos de los platillos que contempla este programa cuya finalidad es promover alimentos de muy bajo costo y de alto valor nutricional.<\/p>\n<p>Asimismo se entregaron m\u00e1s de cien porciones de barras de amaranto, frutos secos y cereal de arroz a todos los asistentes; se realizaron 28 estudios socioecon\u00f3micos para ser beneficiarios de los programas de despensas y se hicieron 25 cortes de pelo por parte de alumnas y maestras voluntarias de los Centros de Capacitaci\u00f3n y Desarrollo (CECADES).<\/p>\n<p>Al t\u00e9rmino de la jornada se reparti\u00f3 la comida elaborada en el taller entre todos los pobladores que acudieron a recibir los servicios y se hizo una entrega de ropa a las 19 vecinas que participaron en el taller.<\/p>\n<p>La Brigada de Servicios del DIF Morelia visitar\u00e1 la comunidad de Tirio el pr\u00f3ximo 15 de septiembre; la colonia Clara C\u00f3rdoba el d\u00eda 22 y La Aldea el d\u00eda 19. Todos los servicios que se otorgan son totalmente gratuitos y est\u00e1n dirigidos a apoyar a los sectores m\u00e1s desprotegidos del municipio.<\/p>\n","protected":false},"excerpt":{"rendered":"<p>Con el objetivo de acercar atenci\u00f3n m\u00e9dica, psicol\u00f3gica, jur\u00eddica y alimentaria a todas las comunidades del municipio, la Brigada de Servicios del DIF Morelia se instal\u00f3 en la escuela primaria \u201cEmancipaci\u00f3n del Pueblo\u201d, en la comunidad de La Alberca, donde se dieron 215 atenciones a cerca de cien personas de todas las edades.<\/p>\n","protected":false},"author":1,"featured_media":25786,"comment_status":"open","ping_status":"open","sticky":false,"template":"","format":"standard","meta":{"footnotes":""},"categories":[14,9],"tags":[],"class_list":["post-25785","post","type-post","status-publish","format-standard","has-post-thumbnail","hentry","category-destacadas","category-morelia"],"_links":{"self":[{"href":"https:\/\/radiowebmx.com\/nota\/wp-json\/wp\/v2\/posts\/25785","targetHints":{"allow":["GET"]}}],"collection":[{"href":"https:\/\/radiowebmx.com\/nota\/wp-json\/wp\/v2\/posts"}],"about":[{"href":"https:\/\/radiowebmx.com\/nota\/wp-json\/wp\/v2\/types\/post"}],"author":[{"embeddable":true,"href":"https:\/\/radiowebmx.com\/nota\/wp-json\/wp\/v2\/users\/1"}],"replies":[{"embeddable":true,"href":"https:\/\/radiowebmx.com\/nota\/wp-json\/wp\/v2\/comments?post=25785"}],"version-history":[{"count":1,"href":"https:\/\/radiowebmx.com\/nota\/wp-json\/wp\/v2\/posts\/25785\/revisions"}],"predecessor-version":[{"id":25787,"href":"https:\/\/radiowebmx.com\/nota\/wp-json\/wp\/v2\/posts\/25785\/revisions\/25787"}],"wp:featuredmedia":[{"embeddable":true,"href":"https:\/\/radiowebmx.com\/nota\/wp-json\/wp\/v2\/media\/25786"}],"wp:attachment":[{"href":"https:\/\/radiowebmx.com\/nota\/wp-json\/wp\/v2\/media?parent=25785"}],"wp:term":[{"taxonomy":"category","embeddable":true,"href":"https:\/\/radiowebmx.com\/nota\/wp-json\/wp\/v2\/categories?post=25785"},{"taxonomy":"post_tag","embeddable":true,"href":"https:\/\/radiowebmx.com\/nota\/wp-json\/wp\/v2\/tags?post=25785"}],"curies":[{"name":"wp","href":"https:\/\/api.w.org\/{rel}","templated":true}]}}