{"id":25776,"date":"2016-09-08T15:03:58","date_gmt":"2016-09-08T20:03:58","guid":{"rendered":"https:\/\/radiowebmx.com\/nota\/?p=25776"},"modified":"2016-09-08T15:03:58","modified_gmt":"2016-09-08T20:03:58","slug":"ayuntamiento-trabaja-para-preservar-el-titulo-de-patrimonio-cultural-de-la-humanidad-de-morelia","status":"publish","type":"post","link":"https:\/\/radiowebmx.com\/nota\/ayuntamiento-trabaja-para-preservar-el-titulo-de-patrimonio-cultural-de-la-humanidad-de-morelia\/","title":{"rendered":"Ayuntamiento trabaja para preservar el t\u00edtulo de Patrimonio Cultural de la Humanidad de Morelia"},"content":{"rendered":"<p>Con el objetivo de compartir experiencias y herramientas que permitan nutrir el conocimiento que existe sobre la capital de Michoac\u00e1n y as\u00ed preservar el t\u00edtulo de Ciudad Patrimonio de la Humanidad, arranc\u00f3 el Tercer Coloquio Valladolid Morelia, el cual ser\u00e1 dedicado a celebrar los 25 a\u00f1os de haber sido nombrada patrimonio por la Organizaci\u00f3n de las Naciones Unidas para la Educaci\u00f3n, la Ciencia y la Cultura (UNESCO).<\/p>\n<p>Durante tres d\u00edas, el Ayuntamiento de Morelia en coordinaci\u00f3n con la Universidad Aut\u00f3noma de M\u00e9xico (UNAM), as\u00ed como otras instituciones educativas escucharan las voces de investigadores y cient\u00edficos que por d\u00e9cadas han trabajado en torno al patrimonio hist\u00f3rico de la ciudad, esto en conjunto con aquellas voces de quienes participan en la toma de decisiones e inciden en su rumbo.<\/p>\n<p>Al respecto, el Secretario del Ayuntamiento, Jes\u00fas \u00c1valos Plata, quien declar\u00f3 formalmente inaugurado dicho evento, resalt\u00f3 que para el Gobierno Independiente que encabeza el Presidente Municipal, Alfonso Mart\u00ednez Alc\u00e1zar, es de vital importancia trabajar en conjunto con aquellas personas o instituciones que deseen preservar la joya que representa el Primer Cuadro de la ciudad no s\u00f3lo para Michoac\u00e1n, sino para el pa\u00eds y el mundo entero.<\/p>\n<p>Al hacer uso de la palabra, el encargado de la pol\u00edtica interna del municipio, asever\u00f3 que este tercer Coloquio es el momento id\u00f3neo para hacer un alto y reflexionar sobre lo que se est\u00e1 haciendo bien o mal para procurar y preservar el t\u00edtulo otorgado por la UNESCO en 1991.<\/p>\n<p>\u201cTenemos la responsabilidad como Ayuntamiento de Morelia, de coordinar las actividades en el tema de la preservaci\u00f3n, de buscar que los espacios tengan una mejor condici\u00f3n, la intenci\u00f3n es que podamos nosotros encontrar los retos de oportunidades en estos tres d\u00edas de trabajo\u201d, mencion\u00f3 Jes\u00fas \u00c1valos.<\/p>\n<p>En presencia de\u00a0 H\u00e9ctor P\u00e9rez Pintor, representante de la Universidad Michoacana de San Nicol\u00e1s de Hidalgo (UMSNH); Jos\u00e9 Antonio Serrano, Presiente del Colegio de Michoac\u00e1n; Antonieta Jim\u00e9nez en representaci\u00f3n de las coordinadoras del Tercer Coloquio Valladolid Morelia; Iv\u00f3n Z\u00e1rate Contreras, Directora del Centro Cultural de la UNAM y representantes de diversas universidades,\u00a0 \u00c1valos Plata, resalt\u00f3 que el Municipio est\u00e1 trabajando con el Instituto Municipal de Planeaci\u00f3n (IMPLAN) para que durante los siguientes\u00a0 25 a\u00f1os los proyectos permitan mejorar y lograr que la capital del estado tenga una transformaci\u00f3n en su desarrollo urbano, pero sobre todo que el Centro Hist\u00f3rico sea un atractivo tur\u00edstico el cual pueda ser apreciado por la historia que guardan sus bellos edificios arquitect\u00f3nicos.<\/p>\n<p>Por su parte, Antonieta Jim\u00e9nez en representaci\u00f3n de las coordinadoras del Tercer Coloquio Valladolid Morelia, asegur\u00f3 que la intenci\u00f3n de este parlamento, es la de lograr nutridas discusiones que les permitan visualizar un patrimonio hist\u00f3rico moreliano mejor protegido, mejor utilizado y ante todo mejor procurado.<\/p>\n<p>Cabe mencionar, que durante los tres d\u00edas de actividad participaran investigadores y cient\u00edficos del Colegio de Michoac\u00e1n, de la Facultad de Antropolog\u00eda e Historia de la M\u00e1xima Casa de Estudios, de la Universidad Latina de Am\u00e9rica, Universidad de Guanajuato, Veracruz, del Archivo Hist\u00f3rico de Morelia, as\u00ed como investigadores independientes.<\/p>\n","protected":false},"excerpt":{"rendered":"<p>Con el objetivo de compartir experiencias y herramientas que permitan nutrir el conocimiento que existe sobre la capital de Michoac\u00e1n y as\u00ed preservar el t\u00edtulo de Ciudad Patrimonio de la Humanidad, arranc\u00f3 el Tercer Coloquio Valladolid Morelia, el cual ser\u00e1 dedicado a celebrar los 25 a\u00f1os de haber sido nombrada patrimonio por la UNESCO<\/p>\n","protected":false},"author":1,"featured_media":25777,"comment_status":"open","ping_status":"open","sticky":false,"template":"","format":"standard","meta":{"footnotes":""},"categories":[14,9],"tags":[],"class_list":["post-25776","post","type-post","status-publish","format-standard","has-post-thumbnail","hentry","category-destacadas","category-morelia"],"_links":{"self":[{"href":"https:\/\/radiowebmx.com\/nota\/wp-json\/wp\/v2\/posts\/25776","targetHints":{"allow":["GET"]}}],"collection":[{"href":"https:\/\/radiowebmx.com\/nota\/wp-json\/wp\/v2\/posts"}],"about":[{"href":"https:\/\/radiowebmx.com\/nota\/wp-json\/wp\/v2\/types\/post"}],"author":[{"embeddable":true,"href":"https:\/\/radiowebmx.com\/nota\/wp-json\/wp\/v2\/users\/1"}],"replies":[{"embeddable":true,"href":"https:\/\/radiowebmx.com\/nota\/wp-json\/wp\/v2\/comments?post=25776"}],"version-history":[{"count":1,"href":"https:\/\/radiowebmx.com\/nota\/wp-json\/wp\/v2\/posts\/25776\/revisions"}],"predecessor-version":[{"id":25778,"href":"https:\/\/radiowebmx.com\/nota\/wp-json\/wp\/v2\/posts\/25776\/revisions\/25778"}],"wp:featuredmedia":[{"embeddable":true,"href":"https:\/\/radiowebmx.com\/nota\/wp-json\/wp\/v2\/media\/25777"}],"wp:attachment":[{"href":"https:\/\/radiowebmx.com\/nota\/wp-json\/wp\/v2\/media?parent=25776"}],"wp:term":[{"taxonomy":"category","embeddable":true,"href":"https:\/\/radiowebmx.com\/nota\/wp-json\/wp\/v2\/categories?post=25776"},{"taxonomy":"post_tag","embeddable":true,"href":"https:\/\/radiowebmx.com\/nota\/wp-json\/wp\/v2\/tags?post=25776"}],"curies":[{"name":"wp","href":"https:\/\/api.w.org\/{rel}","templated":true}]}}