{"id":25773,"date":"2016-09-08T14:55:51","date_gmt":"2016-09-08T19:55:51","guid":{"rendered":"https:\/\/radiowebmx.com\/nota\/?p=25773"},"modified":"2016-09-08T14:55:51","modified_gmt":"2016-09-08T19:55:51","slug":"ayuntamiento-de-morelia-rinde-honores-a-dona-josefa-ortiz-de-dominguez","status":"publish","type":"post","link":"https:\/\/radiowebmx.com\/nota\/ayuntamiento-de-morelia-rinde-honores-a-dona-josefa-ortiz-de-dominguez\/","title":{"rendered":"Ayuntamiento de Morelia rinde honores a Do\u00f1a Josefa Ortiz de Dom\u00ednguez"},"content":{"rendered":"<p>Con la finalidad de rendir honores a qui\u00e9n fuera pieza clave para la lucha de Independencia que inici\u00f3 el cura Don Miguel Hidalgo y Costilla, adem\u00e1s de una participante en la Conspiraci\u00f3n de Quer\u00e9taro, autoridades municipales y estatales asistieron al CCXLVIII\u00a0 Aniversario del Natalicio de Do\u00f1a Josefa Ortiz de Dom\u00ednguez en la Plaza C\u00edvica \u201cH\u00e9roes de la Independencia\u201d.<\/p>\n<p>Por parte del Ayuntamiento de Morelia, el S\u00edndico, Fabio Sistos Rangel encabez\u00f3 la ceremonia al pie del Asta Bandera Monumental y al costado del busto de este personaje hist\u00f3rico que naci\u00f3 en Valladolid, hoy Morelia, un 8 de septiembre de 1768.<\/p>\n<p>El S\u00edndico estuvo acompa\u00f1ado por el Secretario del Ayuntamiento, Jes\u00fas \u00c1valos Plata; la Coordinadora General de Comunicaci\u00f3n Social del Gobierno del Estado y oradora oficial, Julieta L\u00f3pez Bautista; la Regidora, Mar\u00eda Elisa Garrido P\u00e9rez y diversos integrantes del Gabinete Municipal.<\/p>\n<p>En este marco, se reconoci\u00f3 la labor de una mujer firme en sus ideales liberales, que enfrent\u00f3 las brechas de desigualdad por cuestiones de g\u00e9nero\u00a0en su \u00e9poca.<\/p>\n<p>Asimismo, en la vida y obra de esta Insurgente, se trajo a cuenta la lucha que tambi\u00e9n emprendi\u00f3 por romper los patrones sociales de ese tiempo, una batalla que hasta el d\u00eda de hoy se combate contra la violencia de g\u00e9nero.<\/p>\n<p>En este sentido, se invit\u00f3 a los presentes a no ser indiferentes a este flagelo contra el sector femenino, a no tolerarlo y denunciarlo como sociedad, que en su conjunto busca mejorar la calidad de vida de la poblaci\u00f3n en general de Michoac\u00e1n.<\/p>\n<p>Posterior a este acto c\u00edvico militar, el S\u00edndico, Fabio Sistos; la Regidora, Mar\u00eda Elisa Garrido y el Secretario del Ayuntamiento, Jes\u00fas \u00c1valos Plata, acompa\u00f1aron a la Coordinadora General de Comunicaci\u00f3n Social del Gobierno del Estado, Julieta L\u00f3pez; la Secretar\u00eda de Turismo Estatal, Liliana L\u00f3pez Buenrostro y el Director del Instituto de Investigaciones Hist\u00f3ricas de la Universidad Michoacana,\u00a0 Eduardo Mijangos D\u00edaz a realizar el respectivo dep\u00f3sito de ofrenda floral al pie del busto de Do\u00f1a Josefa Ortiz de Dom\u00ednguez.<\/p>\n","protected":false},"excerpt":{"rendered":"<p>Autoridades Municipales se reunieron para reconocer a Do\u00f1a Josefa Ortiz de Dom\u00ednguez, distinguida moreliana.<\/p>\n","protected":false},"author":1,"featured_media":25774,"comment_status":"open","ping_status":"open","sticky":false,"template":"","format":"standard","meta":{"footnotes":""},"categories":[14,9],"tags":[],"class_list":["post-25773","post","type-post","status-publish","format-standard","has-post-thumbnail","hentry","category-destacadas","category-morelia"],"_links":{"self":[{"href":"https:\/\/radiowebmx.com\/nota\/wp-json\/wp\/v2\/posts\/25773","targetHints":{"allow":["GET"]}}],"collection":[{"href":"https:\/\/radiowebmx.com\/nota\/wp-json\/wp\/v2\/posts"}],"about":[{"href":"https:\/\/radiowebmx.com\/nota\/wp-json\/wp\/v2\/types\/post"}],"author":[{"embeddable":true,"href":"https:\/\/radiowebmx.com\/nota\/wp-json\/wp\/v2\/users\/1"}],"replies":[{"embeddable":true,"href":"https:\/\/radiowebmx.com\/nota\/wp-json\/wp\/v2\/comments?post=25773"}],"version-history":[{"count":1,"href":"https:\/\/radiowebmx.com\/nota\/wp-json\/wp\/v2\/posts\/25773\/revisions"}],"predecessor-version":[{"id":25775,"href":"https:\/\/radiowebmx.com\/nota\/wp-json\/wp\/v2\/posts\/25773\/revisions\/25775"}],"wp:featuredmedia":[{"embeddable":true,"href":"https:\/\/radiowebmx.com\/nota\/wp-json\/wp\/v2\/media\/25774"}],"wp:attachment":[{"href":"https:\/\/radiowebmx.com\/nota\/wp-json\/wp\/v2\/media?parent=25773"}],"wp:term":[{"taxonomy":"category","embeddable":true,"href":"https:\/\/radiowebmx.com\/nota\/wp-json\/wp\/v2\/categories?post=25773"},{"taxonomy":"post_tag","embeddable":true,"href":"https:\/\/radiowebmx.com\/nota\/wp-json\/wp\/v2\/tags?post=25773"}],"curies":[{"name":"wp","href":"https:\/\/api.w.org\/{rel}","templated":true}]}}