{"id":25770,"date":"2016-09-08T14:53:51","date_gmt":"2016-09-08T19:53:51","guid":{"rendered":"https:\/\/radiowebmx.com\/nota\/?p=25770"},"modified":"2016-09-08T14:53:51","modified_gmt":"2016-09-08T19:53:51","slug":"el-pri-es-un-partido-nacional-respaldamos-y-apoyamos-a-nuestro-dirigente-enrique-ochoa-vst","status":"publish","type":"post","link":"https:\/\/radiowebmx.com\/nota\/el-pri-es-un-partido-nacional-respaldamos-y-apoyamos-a-nuestro-dirigente-enrique-ochoa-vst\/","title":{"rendered":"EL PRI ES UN PARTIDO NACIONAL; RESPALDAMOS Y APOYAMOS A NUESTRO DIRIGENTE ENRIQUE OCHOA: VST"},"content":{"rendered":"<div>Morelia, Michoac\u00e1n a 07 de septiembre de 2016.- &#8220;El PRI es un partido nacional y por supuesto que respaldamos y apoyamos la postura que nuestro dirigente Enrique Ochoa Reza fij\u00f3 en su reciente visita a Michoac\u00e1n&#8221;, as\u00ed lo afirm\u00f3 V\u00edctor Manuel Silva Tejeda.<\/div>\n<div><\/div>\n<div>El presidente del CDE del PRI en Michoac\u00e1n, refiri\u00f3 que el tricolor mantiene una tradici\u00f3n democr\u00e1tica y comprometida con la transparencia y la rendici\u00f3n de cuentas.<\/div>\n<div><\/div>\n<div>Enfatiz\u00f3 que &#8220;en el PRI todos somos necesarios \u00a0pero nadie es indispensable&#8221;.<\/div>\n<div><\/div>\n<div>Reiter\u00f3 que el tricolor respalda las estrategias y acciones que el Presidente de la Rep\u00fablica, Enrique Pe\u00f1a Nieto, emprendi\u00f3 desde el a\u00f1o 2012 a trav\u00e9s del plan de rescate a Michoac\u00e1n: &#8220;en lo econ\u00f3mico, lo social y la seguridad para sacar de la grave situaci\u00f3n de crisis que enfrentaba la entidad&#8221;.<\/div>\n<div><\/div>\n<div>Adem\u00e1s, precis\u00f3 que &#8220;dentro de las acciones, programas y obras, tambi\u00e9n se cre\u00f3 la Comisi\u00f3n de Seguridad que a la fecha da seguimiento al tema y se conforma por autoridades estatales y federales&#8221;.<\/div>\n<div><\/div>\n<div>&#8220;Por lo tanto no es responsabilidad del gobierno federal el que las administraciones estatales de Michoac\u00e1n no hayan aportado lo que sus propias atribuciones les obliga para que se potencialice el apoyo del gobierno de la Rep\u00fablica&#8221;, puntualiz\u00f3 Silva Tejeda.<\/div>\n<div><\/div>\n<div>Es importante recalcar que en los \u00faltimos cuatro a\u00f1os, gracias a las acciones emprendidas por la federaci\u00f3n para rescatar a Michoac\u00e1n, se han logrado desmembrar un sin n\u00famero de bandas delictivas que azotaban la entidad.<\/div>\n<div><\/div>\n<div>Y finalmente se\u00f1al\u00f3 que desde 2014, con apoyo federal, se ha dado cumplimiento al 85% de las obras y acciones consignadas en el Plan Michoac\u00e1n.<\/div>\n","protected":false},"excerpt":{"rendered":"<p>&#8220;El PRI es un partido nacional y por supuesto que respaldamos y apoyamos la postura que nuestro dirigente Enrique Ochoa Reza fij\u00f3 en su reciente visita a Michoac\u00e1n&#8221;, as\u00ed lo afirm\u00f3 V\u00edctor Manuel Silva Tejeda.<\/p>\n","protected":false},"author":1,"featured_media":25771,"comment_status":"open","ping_status":"open","sticky":false,"template":"","format":"standard","meta":{"footnotes":""},"categories":[14,11,12],"tags":[],"class_list":["post-25770","post","type-post","status-publish","format-standard","has-post-thumbnail","hentry","category-destacadas","category-partidos-politicos","category-pri"],"_links":{"self":[{"href":"https:\/\/radiowebmx.com\/nota\/wp-json\/wp\/v2\/posts\/25770","targetHints":{"allow":["GET"]}}],"collection":[{"href":"https:\/\/radiowebmx.com\/nota\/wp-json\/wp\/v2\/posts"}],"about":[{"href":"https:\/\/radiowebmx.com\/nota\/wp-json\/wp\/v2\/types\/post"}],"author":[{"embeddable":true,"href":"https:\/\/radiowebmx.com\/nota\/wp-json\/wp\/v2\/users\/1"}],"replies":[{"embeddable":true,"href":"https:\/\/radiowebmx.com\/nota\/wp-json\/wp\/v2\/comments?post=25770"}],"version-history":[{"count":1,"href":"https:\/\/radiowebmx.com\/nota\/wp-json\/wp\/v2\/posts\/25770\/revisions"}],"predecessor-version":[{"id":25772,"href":"https:\/\/radiowebmx.com\/nota\/wp-json\/wp\/v2\/posts\/25770\/revisions\/25772"}],"wp:featuredmedia":[{"embeddable":true,"href":"https:\/\/radiowebmx.com\/nota\/wp-json\/wp\/v2\/media\/25771"}],"wp:attachment":[{"href":"https:\/\/radiowebmx.com\/nota\/wp-json\/wp\/v2\/media?parent=25770"}],"wp:term":[{"taxonomy":"category","embeddable":true,"href":"https:\/\/radiowebmx.com\/nota\/wp-json\/wp\/v2\/categories?post=25770"},{"taxonomy":"post_tag","embeddable":true,"href":"https:\/\/radiowebmx.com\/nota\/wp-json\/wp\/v2\/tags?post=25770"}],"curies":[{"name":"wp","href":"https:\/\/api.w.org\/{rel}","templated":true}]}}