{"id":25762,"date":"2016-09-08T14:36:48","date_gmt":"2016-09-08T19:36:48","guid":{"rendered":"https:\/\/radiowebmx.com\/nota\/?p=25762"},"modified":"2016-09-08T14:36:48","modified_gmt":"2016-09-08T19:36:48","slug":"la-embajada-de-eu-y-la-semigrante-brindan-informacion-sobre-visas","status":"publish","type":"post","link":"https:\/\/radiowebmx.com\/nota\/la-embajada-de-eu-y-la-semigrante-brindan-informacion-sobre-visas\/","title":{"rendered":"La embajada de EU y la Semigrante brindan informaci\u00f3n sobre visas"},"content":{"rendered":"<p><strong>Morelia, Michoac\u00e1n, a 8 de septiembre de 2016.-<\/strong>\u00a0En atenci\u00f3n a las instrucciones del Gobernador Silvano Aureoles Conejo, la Semigrante lleva a cabo talleres de capacitaci\u00f3n para los michoacanos radicados en el extranjero y sus familias que radican en la entidad.<\/p>\n<p>La tarde del mi\u00e9rcoles en Casa de Gobierno se llev\u00f3 a cabo una charla informativa dirigida a migrantes en retorno y sus familias, directores de los centros municipales de Atenci\u00f3n al Migrante, as\u00ed como a ciudadanos en general interesados en el tema migratorio.<\/p>\n<p>Al dirigir un mensaje durante el evento, el titular de la Semigrante, Jos\u00e9 Luis Guti\u00e9rrez, reconoci\u00f3 la experiencia de la delegaci\u00f3n de la Embajada de Estados Unidos en M\u00e9xico, conformada por Miranda Patterson, Timothy Brown, Alejandra Miranda y \u00c1ngel Mena, quienes proporcionaron informaci\u00f3n sobre visas de inmigrante y de turistas, as\u00ed como de servicios ciudadanos.<\/p>\n<p>El funcionario estatal extern\u00f3 su agradecimiento por la disposici\u00f3n para informar sobre los derechos de los michoacanos que laboraron en Estados Unidos, a quienes legalmente les corresponde una pensi\u00f3n por parte del gobierno del vecino pa\u00eds. Asimismo, envi\u00f3 un saludo a la embajadora Roberta S. Jacobson, quien\u00a0ha mostrado la mejor disposici\u00f3n para colaborar con la Semigrante.<\/p>\n<p>Por \u00faltimo, exhort\u00f3 a los directores de los centros municipales de Atenci\u00f3n al Migrante a transmitir en cada regi\u00f3n la informaci\u00f3n obtenida en estas capacitaciones y as\u00ed seguir construyendo un estado binacional.<\/p>\n<p>Durante el segundo semestre del a\u00f1o, la Semigrante continuar\u00e1 llevando a cabo talleres, cl\u00ednicas, diplomados y capacitaciones para los migrantes y sus familias, as\u00ed como para los ciudadanos en general interesados en el tema migratorio.<\/p>\n","protected":false},"excerpt":{"rendered":"<p>En atenci\u00f3n a las instrucciones del Gobernador Silvano Aureoles Conejo, la Semigrante lleva a cabo talleres de capacitaci\u00f3n para los michoacanos radicados en el extranjero y sus familias que radican en la entidad.<\/p>\n","protected":false},"author":1,"featured_media":25763,"comment_status":"open","ping_status":"open","sticky":false,"template":"","format":"standard","meta":{"footnotes":""},"categories":[14,3],"tags":[],"class_list":["post-25762","post","type-post","status-publish","format-standard","has-post-thumbnail","hentry","category-destacadas","category-gobierno-del-estado-de-michoacan"],"_links":{"self":[{"href":"https:\/\/radiowebmx.com\/nota\/wp-json\/wp\/v2\/posts\/25762","targetHints":{"allow":["GET"]}}],"collection":[{"href":"https:\/\/radiowebmx.com\/nota\/wp-json\/wp\/v2\/posts"}],"about":[{"href":"https:\/\/radiowebmx.com\/nota\/wp-json\/wp\/v2\/types\/post"}],"author":[{"embeddable":true,"href":"https:\/\/radiowebmx.com\/nota\/wp-json\/wp\/v2\/users\/1"}],"replies":[{"embeddable":true,"href":"https:\/\/radiowebmx.com\/nota\/wp-json\/wp\/v2\/comments?post=25762"}],"version-history":[{"count":1,"href":"https:\/\/radiowebmx.com\/nota\/wp-json\/wp\/v2\/posts\/25762\/revisions"}],"predecessor-version":[{"id":25764,"href":"https:\/\/radiowebmx.com\/nota\/wp-json\/wp\/v2\/posts\/25762\/revisions\/25764"}],"wp:featuredmedia":[{"embeddable":true,"href":"https:\/\/radiowebmx.com\/nota\/wp-json\/wp\/v2\/media\/25763"}],"wp:attachment":[{"href":"https:\/\/radiowebmx.com\/nota\/wp-json\/wp\/v2\/media?parent=25762"}],"wp:term":[{"taxonomy":"category","embeddable":true,"href":"https:\/\/radiowebmx.com\/nota\/wp-json\/wp\/v2\/categories?post=25762"},{"taxonomy":"post_tag","embeddable":true,"href":"https:\/\/radiowebmx.com\/nota\/wp-json\/wp\/v2\/tags?post=25762"}],"curies":[{"name":"wp","href":"https:\/\/api.w.org\/{rel}","templated":true}]}}