{"id":25759,"date":"2016-09-08T14:34:59","date_gmt":"2016-09-08T19:34:59","guid":{"rendered":"https:\/\/radiowebmx.com\/nota\/?p=25759"},"modified":"2016-09-08T14:34:59","modified_gmt":"2016-09-08T19:34:59","slug":"inician-obras-en-plantel-del-cobaem-de-buenavista-tomatlan","status":"publish","type":"post","link":"https:\/\/radiowebmx.com\/nota\/inician-obras-en-plantel-del-cobaem-de-buenavista-tomatlan\/","title":{"rendered":"Inician obras en plantel del Cobaem de Buenavista Tomatl\u00e1n"},"content":{"rendered":"<p><strong>Santa Ana Amatl\u00e1n, mpio. de Buenavista, Michoac\u00e1n, a 8 de septiembre de 2016.-<\/strong>\u00a0El director general del Colegio de Bachilleres del Estado de Michoac\u00e1n (Cobaem), Alejandro Bustos Aguilar,\u00a0puso en marcha obras de fortalecimiento de la infraestructura f\u00edsica en el plantel de Santa Ana Amatl\u00e1n, municipio de Buenavista Tomatl\u00e1n.<\/p>\n<p>En este marco, Busto Aguilar destac\u00f3 la importancia que el Gobernador Silvano Aureoles Conejo ha dado a\u00a0invertir para que las y los estudiantes michoacanos cuenten con instalaciones \u00f3ptimas y reciban educaci\u00f3n de calidad.<br \/>\nAsimismo, anunci\u00f3 que pr\u00f3ximamente ser\u00e1n construidas dos aulas en el segundo piso del plantel \u201cpara que los estudiantes del Cobaem tengan mejores espacios y reciban una educaci\u00f3n de calidad\u201d.<\/p>\n<p>Finalmente, el director general del subsistema agradeci\u00f3 el apoyo del presidente municipal de Buenavista Tomatl\u00e1n, Lorenzo Barajas Heredia, y afirm\u00f3 que \u201capostarle a la educaci\u00f3n significa una alternativa real de vida\u201d para las y los j\u00f3venes michoacanos.<\/p>\n","protected":false},"excerpt":{"rendered":"<p>El director general del Colegio de Bachilleres del Estado de Michoac\u00e1n (Cobaem), Alejandro Bustos Aguilar, puso en marcha obras de fortalecimiento de la infraestructura f\u00edsica en el plantel de Santa Ana Amatl\u00e1n, municipio de Buenavista Tomatl\u00e1n.<\/p>\n","protected":false},"author":1,"featured_media":25760,"comment_status":"open","ping_status":"open","sticky":false,"template":"","format":"standard","meta":{"footnotes":""},"categories":[14,3],"tags":[],"class_list":["post-25759","post","type-post","status-publish","format-standard","has-post-thumbnail","hentry","category-destacadas","category-gobierno-del-estado-de-michoacan"],"_links":{"self":[{"href":"https:\/\/radiowebmx.com\/nota\/wp-json\/wp\/v2\/posts\/25759","targetHints":{"allow":["GET"]}}],"collection":[{"href":"https:\/\/radiowebmx.com\/nota\/wp-json\/wp\/v2\/posts"}],"about":[{"href":"https:\/\/radiowebmx.com\/nota\/wp-json\/wp\/v2\/types\/post"}],"author":[{"embeddable":true,"href":"https:\/\/radiowebmx.com\/nota\/wp-json\/wp\/v2\/users\/1"}],"replies":[{"embeddable":true,"href":"https:\/\/radiowebmx.com\/nota\/wp-json\/wp\/v2\/comments?post=25759"}],"version-history":[{"count":1,"href":"https:\/\/radiowebmx.com\/nota\/wp-json\/wp\/v2\/posts\/25759\/revisions"}],"predecessor-version":[{"id":25761,"href":"https:\/\/radiowebmx.com\/nota\/wp-json\/wp\/v2\/posts\/25759\/revisions\/25761"}],"wp:featuredmedia":[{"embeddable":true,"href":"https:\/\/radiowebmx.com\/nota\/wp-json\/wp\/v2\/media\/25760"}],"wp:attachment":[{"href":"https:\/\/radiowebmx.com\/nota\/wp-json\/wp\/v2\/media?parent=25759"}],"wp:term":[{"taxonomy":"category","embeddable":true,"href":"https:\/\/radiowebmx.com\/nota\/wp-json\/wp\/v2\/categories?post=25759"},{"taxonomy":"post_tag","embeddable":true,"href":"https:\/\/radiowebmx.com\/nota\/wp-json\/wp\/v2\/tags?post=25759"}],"curies":[{"name":"wp","href":"https:\/\/api.w.org\/{rel}","templated":true}]}}