{"id":25756,"date":"2016-09-08T14:32:47","date_gmt":"2016-09-08T19:32:47","guid":{"rendered":"https:\/\/radiowebmx.com\/nota\/?p=25756"},"modified":"2016-09-08T14:32:47","modified_gmt":"2016-09-08T19:32:47","slug":"morelia-reporta-buena-afluencia-de-turistas-en-arranque-de-fiestas-patrias","status":"publish","type":"post","link":"https:\/\/radiowebmx.com\/nota\/morelia-reporta-buena-afluencia-de-turistas-en-arranque-de-fiestas-patrias\/","title":{"rendered":"Morelia reporta buena afluencia de turistas en arranque de Fiestas Patrias"},"content":{"rendered":"<p>La Secretaria de Turismo de Morelia, Thelma Aquique Arrieta invit\u00f3 a los morelianos y visitantes a que celebren estas fiestas patrias en la capital del estado, ya que son m\u00e1s de 140 actividades que se estar\u00e1n desarrollando a lo largo de este mes y con lo cual se podr\u00e1 lograr una reactivaci\u00f3n econ\u00f3mica de forma directa en comercios, hoteles y restaurantes del Primer Cuadro.<\/p>\n<p>En este sentido, Aquique Arrieta destac\u00f3 que derivado de las actividades que han tenido lugar hasta este momento, es notable la participaci\u00f3n de la ciudadan\u00eda al acudir al Centro Hist\u00f3rico para disfrutar de estos eventos, como fue el caso de la Carrera Cin\u00e9polis, que reuni\u00f3 a m\u00e1s de 4 mil 500 corredores, beneficiando el comercio de la zona.<\/p>\n<p>Asimismo, gracias a la coordinaci\u00f3n y comunicaci\u00f3n que existe con las diversas c\u00e1maras empresariales, Thelma Aquique resalt\u00f3 que en su caso la C\u00e1mara Nacional de la Industria de Restaurantes y Alimentos Condimentados en Michoac\u00e1n (CANIRAC) report\u00f3 que las expectativas de este mes son altas ya que se espera llegar a una derrama econ\u00f3mica de 80 millones de pesos en este sector.<\/p>\n<p>Derivado de esto, la CANIRAC estima superar tambi\u00e9n la cifra de su ticket promedio de 132 a 198 pesos gracias a las capacitaciones que se dieron en el tema de maridaje, para incorporar a los platillos el tequila y el mezcal, que son dos elementos t\u00edpicos que se consumen durante estas fechas y poder aprovechar eventos como el Grito del 15 y el Desfile del 30 de septiembre.<\/p>\n<p>Por su parte, los comerciantes y vecinos del Centro Hist\u00f3rico, a trav\u00e9s de su Presidente, Alfonso Guerrero Guadarrama, anunciaron que sus expectativas para este mes son de incrementar sus ventas en un 11 por ciento m\u00e1s que el a\u00f1o 2015, con lo cual se espera que lleguen a tener una derrama econ\u00f3mica de cerca de 230 millones de pesos a trav\u00e9s de sus diversos comercios.<\/p>\n<p>Ante este panorama de eventos y festividades, la titular de la pol\u00edtica tur\u00edstica local reiter\u00f3 el compromiso del Ayuntamiento de Morelia de coadyuvar y mejorar las condiciones econ\u00f3micas que intervienen en este sector, por lo que invit\u00f3 a toda la sociedad a que visiten el Centro Hist\u00f3rico durante estas fechas y consuman en los locales establecidos.<\/p>\n","protected":false},"excerpt":{"rendered":"<p>La Secretaria de Turismo de Morelia, invit\u00f3 a los morelianos y visitantes a que celebren estas fiestas patrias en la capital del estado, ya que son m\u00e1s de 140 actividades que se estar\u00e1n desarrollando a lo largo de este mes y con lo cual se podr\u00e1 lograr una reactivaci\u00f3n econ\u00f3mica de forma directa en comercios, hoteles y restaurantes del Primer Cuadro.<\/p>\n","protected":false},"author":1,"featured_media":25757,"comment_status":"open","ping_status":"open","sticky":false,"template":"","format":"standard","meta":{"footnotes":""},"categories":[14,9],"tags":[],"class_list":["post-25756","post","type-post","status-publish","format-standard","has-post-thumbnail","hentry","category-destacadas","category-morelia"],"_links":{"self":[{"href":"https:\/\/radiowebmx.com\/nota\/wp-json\/wp\/v2\/posts\/25756","targetHints":{"allow":["GET"]}}],"collection":[{"href":"https:\/\/radiowebmx.com\/nota\/wp-json\/wp\/v2\/posts"}],"about":[{"href":"https:\/\/radiowebmx.com\/nota\/wp-json\/wp\/v2\/types\/post"}],"author":[{"embeddable":true,"href":"https:\/\/radiowebmx.com\/nota\/wp-json\/wp\/v2\/users\/1"}],"replies":[{"embeddable":true,"href":"https:\/\/radiowebmx.com\/nota\/wp-json\/wp\/v2\/comments?post=25756"}],"version-history":[{"count":1,"href":"https:\/\/radiowebmx.com\/nota\/wp-json\/wp\/v2\/posts\/25756\/revisions"}],"predecessor-version":[{"id":25758,"href":"https:\/\/radiowebmx.com\/nota\/wp-json\/wp\/v2\/posts\/25756\/revisions\/25758"}],"wp:featuredmedia":[{"embeddable":true,"href":"https:\/\/radiowebmx.com\/nota\/wp-json\/wp\/v2\/media\/25757"}],"wp:attachment":[{"href":"https:\/\/radiowebmx.com\/nota\/wp-json\/wp\/v2\/media?parent=25756"}],"wp:term":[{"taxonomy":"category","embeddable":true,"href":"https:\/\/radiowebmx.com\/nota\/wp-json\/wp\/v2\/categories?post=25756"},{"taxonomy":"post_tag","embeddable":true,"href":"https:\/\/radiowebmx.com\/nota\/wp-json\/wp\/v2\/tags?post=25756"}],"curies":[{"name":"wp","href":"https:\/\/api.w.org\/{rel}","templated":true}]}}