{"id":25744,"date":"2016-09-07T12:14:48","date_gmt":"2016-09-07T17:14:48","guid":{"rendered":"https:\/\/radiowebmx.com\/nota\/?p=25744"},"modified":"2016-09-07T12:14:48","modified_gmt":"2016-09-07T17:14:48","slug":"los-servicios-educativos-de-la-univim-llegan-a-nuevo-parangaricutiro","status":"publish","type":"post","link":"https:\/\/radiowebmx.com\/nota\/los-servicios-educativos-de-la-univim-llegan-a-nuevo-parangaricutiro\/","title":{"rendered":"Los servicios educativos de la Univim llegan a Nuevo Parangaricutiro"},"content":{"rendered":"<p>Morelia, Michoac\u00e1n, a 6 de septiembre de 2016.- Con el inicio de clases virtuales de 32 estudiantes de Nuevo Parangaricutiro, la rectora de la Universidad Virtual del Estado de Michoac\u00e1n (Univim), Silvia Mendoza Valenzuela, y el alcalde de ese municipio, Gabriel Anducho Campoverde, inauguraron la Unidad Virtual de Extensi\u00f3n Universitaria (UVEU) y signaron el convenio de colaboraci\u00f3n interinstitucional para ampliar la cobertura del nivel superior.<\/p>\n<p>Durante el evento, la rectora de la Univim destac\u00f3 que ya son 46 los municipios en donde la instalaci\u00f3n de la UVEUs ser\u00e1 una realidad en el corto plazo y que otros 44 m\u00e1s ya fueron aprobados por la Junta Directiva de la Universidad, por lo que los convenios correspondientes ser\u00e1n signados en los pr\u00f3ximos d\u00edas.<\/p>\n<p>Adem\u00e1s, invit\u00f3 a los habitantes de Nuevo Parangaricutiro a aprovechar la educaci\u00f3n a distancia que ofrecen la Univim y la Universidad Abierta y a Distancia de M\u00e9xico (UnADM) con 28 licenciaturas, cuatro maestr\u00edas y un doctorado, as\u00ed como una serie de diplomados.<\/p>\n<p>En su intervenci\u00f3n, el alcalde destac\u00f3 que gracias a la Univim el municipio contar\u00e1 por primera vez en su historia con una universidad, lo cual permitir\u00e1 la profesionalizaci\u00f3n de quienes no pueden trasladarse a las grandes ciudades a estudiar alguna licenciatura o posgrado.<\/p>\n<p>Por \u00faltimo, la rectora de la Univim destac\u00f3 que a la fecha son 32 alumnos de Nuevo Parangaricutiro quienes realizan sus estudios en l\u00ednea a trav\u00e9s de la Univim y que ahora, gracias a la inauguraci\u00f3n de la UVEU, podr\u00e1n contar con instalaciones c\u00f3modas, con equipos de c\u00f3mputo nuevos y acceso a Internet gratuito para realizar sus estudios, tareas y dem\u00e1s actividades.<\/p>\n","protected":false},"excerpt":{"rendered":"<p>Durante el evento, la rectora de la Univim destac\u00f3 que ya son 46 los municipios en donde la instalaci\u00f3n de la UVEUs ser\u00e1 una realidad en el corto plazo y que otros 44 m\u00e1s ya fueron aprobados por la Junta Directiva de la Universidad, por lo que los convenios correspondientes ser\u00e1n signados en los pr\u00f3ximos d\u00edas.<\/p>\n","protected":false},"author":1,"featured_media":25745,"comment_status":"open","ping_status":"open","sticky":false,"template":"","format":"standard","meta":{"footnotes":""},"categories":[14,3],"tags":[],"class_list":["post-25744","post","type-post","status-publish","format-standard","has-post-thumbnail","hentry","category-destacadas","category-gobierno-del-estado-de-michoacan"],"_links":{"self":[{"href":"https:\/\/radiowebmx.com\/nota\/wp-json\/wp\/v2\/posts\/25744","targetHints":{"allow":["GET"]}}],"collection":[{"href":"https:\/\/radiowebmx.com\/nota\/wp-json\/wp\/v2\/posts"}],"about":[{"href":"https:\/\/radiowebmx.com\/nota\/wp-json\/wp\/v2\/types\/post"}],"author":[{"embeddable":true,"href":"https:\/\/radiowebmx.com\/nota\/wp-json\/wp\/v2\/users\/1"}],"replies":[{"embeddable":true,"href":"https:\/\/radiowebmx.com\/nota\/wp-json\/wp\/v2\/comments?post=25744"}],"version-history":[{"count":1,"href":"https:\/\/radiowebmx.com\/nota\/wp-json\/wp\/v2\/posts\/25744\/revisions"}],"predecessor-version":[{"id":25746,"href":"https:\/\/radiowebmx.com\/nota\/wp-json\/wp\/v2\/posts\/25744\/revisions\/25746"}],"wp:featuredmedia":[{"embeddable":true,"href":"https:\/\/radiowebmx.com\/nota\/wp-json\/wp\/v2\/media\/25745"}],"wp:attachment":[{"href":"https:\/\/radiowebmx.com\/nota\/wp-json\/wp\/v2\/media?parent=25744"}],"wp:term":[{"taxonomy":"category","embeddable":true,"href":"https:\/\/radiowebmx.com\/nota\/wp-json\/wp\/v2\/categories?post=25744"},{"taxonomy":"post_tag","embeddable":true,"href":"https:\/\/radiowebmx.com\/nota\/wp-json\/wp\/v2\/tags?post=25744"}],"curies":[{"name":"wp","href":"https:\/\/api.w.org\/{rel}","templated":true}]}}