{"id":25739,"date":"2016-09-07T11:36:41","date_gmt":"2016-09-07T16:36:41","guid":{"rendered":"https:\/\/radiowebmx.com\/nota\/?p=25739"},"modified":"2016-09-07T11:36:41","modified_gmt":"2016-09-07T16:36:41","slug":"secretaria-de-desarrollo-metropolitano-e-infraestructura-recupera-espacios-publicos-de-morelia","status":"publish","type":"post","link":"https:\/\/radiowebmx.com\/nota\/secretaria-de-desarrollo-metropolitano-e-infraestructura-recupera-espacios-publicos-de-morelia\/","title":{"rendered":"Secretar\u00eda de Desarrollo Metropolitano e Infraestructura recupera espacios p\u00fablicos de Morelia"},"content":{"rendered":"<p>Recuperar los espacios p\u00fablicos en el municipio, a fin de brindar una mejor calidad de vida a los morelianos es para el Gobierno Municipal que encabeza el Alcalde, Alfonso Mart\u00ednez Alc\u00e1zar, una prioridad, por ello, la Secretar\u00eda de Desarrollo Metropolitano e Infraestructura trabaja por mantener estas \u00e1reas en \u00f3ptimas condiciones.<\/p>\n<p>Al respecto, el titular de esta dependencia municipal, Juan Fernando Sosa Tapia, realiz\u00f3 la reposici\u00f3n de bancas en el Boulevard Garc\u00eda de Le\u00f3n de la ciudad, a fin de que los morelianos que habitan en las inmediaciones y los que recorren este espacio de manera cotidiana, gocen de este lugar en un ambiente de sana convivencia.<\/p>\n<p>Indic\u00f3 que derivado de una petici\u00f3n ciudadana y siguiendo la indicaci\u00f3n del Alcalde,  acudi\u00f3 personalmente al Boulevard para realizar la colocaci\u00f3n de las nuevas bancas de metal, quitando previamente las que se encontraban en mal estado y da\u00f1adas por el paso de los a\u00f1os.<\/p>\n<p>\u201cEn esta Administraci\u00f3n Municipal estamos muy interesados en recuperar los espacios p\u00fablicos para mejorar el entorno y fomentar la sana recreaci\u00f3n entre los ciudadanos, fortaleciendo as\u00ed la cohesi\u00f3n social\u201d, acot\u00f3, el encargado de la pol\u00edtica de obra p\u00fablica en el municipio.<\/p>\n<p>Tras puntualizar que dicho material fue donado por la iniciativa privada, adelant\u00f3 que la intenci\u00f3n es continuar dando respuesta oportuna a cada una de las solicitudes de la ciudadan\u00eda de acuerdo a las posibilidades del Ayuntamiento, por lo que se har\u00e1n las gestiones correspondientes para lograr \u00e1reas verdes de calidad en beneficio de las familias morelianas.<\/p>\n<p>Asimismo, Juan Fernando Sosa aprovech\u00f3 para exhortar a la poblaci\u00f3n a mantener en buen estado los espacios p\u00fablicos en la ciudad, pues refiri\u00f3, que si bien el Gobierno Municipal es el responsable de darles mantenimiento, cuidar de estos \u201ccompete a todos los ciudadanos\u201d.<\/p>\n<p>Es de precisar, que las bancas fueron instaladas en las inmediaciones de la fuente ubicada en la Plaza Centenaria del Boulevard Garc\u00eda de Le\u00f3n.<\/p>\n","protected":false},"excerpt":{"rendered":"<p>Al respecto, Juan Fernando Sosa Tapia, realiz\u00f3 la reposici\u00f3n de bancas en el Boulevard Garc\u00eda de Le\u00f3n de la ciudad, a fin de que los morelianos que habitan en las inmediaciones y los que recorren este espacio de manera cotidiana, gocen de este lugar en un ambiente de sana convivencia.<\/p>\n","protected":false},"author":1,"featured_media":25740,"comment_status":"open","ping_status":"open","sticky":false,"template":"","format":"standard","meta":{"footnotes":""},"categories":[14,9],"tags":[],"class_list":["post-25739","post","type-post","status-publish","format-standard","has-post-thumbnail","hentry","category-destacadas","category-morelia"],"_links":{"self":[{"href":"https:\/\/radiowebmx.com\/nota\/wp-json\/wp\/v2\/posts\/25739","targetHints":{"allow":["GET"]}}],"collection":[{"href":"https:\/\/radiowebmx.com\/nota\/wp-json\/wp\/v2\/posts"}],"about":[{"href":"https:\/\/radiowebmx.com\/nota\/wp-json\/wp\/v2\/types\/post"}],"author":[{"embeddable":true,"href":"https:\/\/radiowebmx.com\/nota\/wp-json\/wp\/v2\/users\/1"}],"replies":[{"embeddable":true,"href":"https:\/\/radiowebmx.com\/nota\/wp-json\/wp\/v2\/comments?post=25739"}],"version-history":[{"count":1,"href":"https:\/\/radiowebmx.com\/nota\/wp-json\/wp\/v2\/posts\/25739\/revisions"}],"predecessor-version":[{"id":25741,"href":"https:\/\/radiowebmx.com\/nota\/wp-json\/wp\/v2\/posts\/25739\/revisions\/25741"}],"wp:featuredmedia":[{"embeddable":true,"href":"https:\/\/radiowebmx.com\/nota\/wp-json\/wp\/v2\/media\/25740"}],"wp:attachment":[{"href":"https:\/\/radiowebmx.com\/nota\/wp-json\/wp\/v2\/media?parent=25739"}],"wp:term":[{"taxonomy":"category","embeddable":true,"href":"https:\/\/radiowebmx.com\/nota\/wp-json\/wp\/v2\/categories?post=25739"},{"taxonomy":"post_tag","embeddable":true,"href":"https:\/\/radiowebmx.com\/nota\/wp-json\/wp\/v2\/tags?post=25739"}],"curies":[{"name":"wp","href":"https:\/\/api.w.org\/{rel}","templated":true}]}}