{"id":25710,"date":"2016-09-06T14:23:43","date_gmt":"2016-09-06T19:23:43","guid":{"rendered":"https:\/\/radiowebmx.com\/nota\/?p=25710"},"modified":"2016-09-06T14:23:43","modified_gmt":"2016-09-06T19:23:43","slug":"dotan-de-extintores-a-todos-los-planteles-del-cobaem","status":"publish","type":"post","link":"https:\/\/radiowebmx.com\/nota\/dotan-de-extintores-a-todos-los-planteles-del-cobaem\/","title":{"rendered":"Dotan de extintores a todos los planteles del Cobaem"},"content":{"rendered":"<p>Morelia, Michoac\u00e1n, a 6 de septiembre de 2016.- El director general del Colegio de Bachilleres del Estado de Michoac\u00e1n (Cobaem), Alejandro Bustos Aguilar, entreg\u00f3 210 extintores que mejorar\u00e1n las condiciones de seguridad y de prevenci\u00f3n de todos los planteles y unidades administrativas del subsistema.<\/p>\n<p>Lo anterior, luego de que fuera levantado un censo para detectar necesidades de equipo contra incendio, trabajo realizado por la Delegaci\u00f3n Administrativa y la Comisi\u00f3n Mixta de Seguridad e Higiene.<\/p>\n<p>Bustos Aguilar destac\u00f3 que la entrega de los extintores es gracias al esfuerzo que hace el Cobaem a trav\u00e9s de la reducci\u00f3n de gastos.<\/p>\n<p>Con esta acci\u00f3n se ver\u00e1n beneficiados todos los centros educativos del Cobaem, generando mejores condiciones de seguridad para estudiantes y trabajadores.<\/p>\n","protected":false},"excerpt":{"rendered":"<p>El director general del Colegio de Bachilleres del Estado de Michoac\u00e1n (Cobaem), Alejandro Bustos Aguilar, entreg\u00f3 210 extintores que mejorar\u00e1n las condiciones de seguridad y de prevenci\u00f3n de todos los planteles y unidades administrativas del subsistema.<\/p>\n","protected":false},"author":1,"featured_media":25711,"comment_status":"open","ping_status":"open","sticky":false,"template":"","format":"standard","meta":{"footnotes":""},"categories":[14,3],"tags":[],"class_list":["post-25710","post","type-post","status-publish","format-standard","has-post-thumbnail","hentry","category-destacadas","category-gobierno-del-estado-de-michoacan"],"_links":{"self":[{"href":"https:\/\/radiowebmx.com\/nota\/wp-json\/wp\/v2\/posts\/25710","targetHints":{"allow":["GET"]}}],"collection":[{"href":"https:\/\/radiowebmx.com\/nota\/wp-json\/wp\/v2\/posts"}],"about":[{"href":"https:\/\/radiowebmx.com\/nota\/wp-json\/wp\/v2\/types\/post"}],"author":[{"embeddable":true,"href":"https:\/\/radiowebmx.com\/nota\/wp-json\/wp\/v2\/users\/1"}],"replies":[{"embeddable":true,"href":"https:\/\/radiowebmx.com\/nota\/wp-json\/wp\/v2\/comments?post=25710"}],"version-history":[{"count":1,"href":"https:\/\/radiowebmx.com\/nota\/wp-json\/wp\/v2\/posts\/25710\/revisions"}],"predecessor-version":[{"id":25712,"href":"https:\/\/radiowebmx.com\/nota\/wp-json\/wp\/v2\/posts\/25710\/revisions\/25712"}],"wp:featuredmedia":[{"embeddable":true,"href":"https:\/\/radiowebmx.com\/nota\/wp-json\/wp\/v2\/media\/25711"}],"wp:attachment":[{"href":"https:\/\/radiowebmx.com\/nota\/wp-json\/wp\/v2\/media?parent=25710"}],"wp:term":[{"taxonomy":"category","embeddable":true,"href":"https:\/\/radiowebmx.com\/nota\/wp-json\/wp\/v2\/categories?post=25710"},{"taxonomy":"post_tag","embeddable":true,"href":"https:\/\/radiowebmx.com\/nota\/wp-json\/wp\/v2\/tags?post=25710"}],"curies":[{"name":"wp","href":"https:\/\/api.w.org\/{rel}","templated":true}]}}