{"id":25688,"date":"2016-09-05T12:00:41","date_gmt":"2016-09-05T17:00:41","guid":{"rendered":"https:\/\/radiowebmx.com\/nota\/?p=25688"},"modified":"2016-09-05T12:00:41","modified_gmt":"2016-09-05T17:00:41","slug":"resaltar-valores-patrios-labor-del-ayuntamiento-de-morelia-gaspar-hernandez","status":"publish","type":"post","link":"https:\/\/radiowebmx.com\/nota\/resaltar-valores-patrios-labor-del-ayuntamiento-de-morelia-gaspar-hernandez\/","title":{"rendered":"Resaltar valores patrios, labor del Ayuntamiento de Morelia: Gaspar Hern\u00e1ndez"},"content":{"rendered":"<p>Con la meta de fomentar los valores patrios en la ni\u00f1ez y juventud de Morelia, la Gerencia del Patrimonio Cultural que encabeza Gaspar Hern\u00e1ndez Razo don\u00f3 100 pendones y 10 banderas alusivas al mes de septiembre a la Escuela Primaria Federal Jos\u00e9 Mart\u00ed.<\/p>\n<p>Dicha acci\u00f3n se enmarc\u00f3 en el acto c\u00edvico que la instituci\u00f3n de educaci\u00f3n b\u00e1sica realiza cada lunes en los honores al L\u00e1baro Patrio.<\/p>\n<p>Hern\u00e1ndez Razo manifest\u00f3 que esta acci\u00f3n, forma parte de las pol\u00edticas del Presidente Municipal de Morelia, Alfonso Mart\u00ednez Alc\u00e1zar, de impulsar y fomentar los valores c\u00edvicos en la ni\u00f1ez y la juventud.<\/p>\n<p>Trajo a cuenta que la Gerencia a su cargo tiene 32 actividades preparadas para celebrar las fiestas patrias, cuyo objetivo principal es reforzar la identidad como mexicanos y fomentar la convivencia familiar.<\/p>\n<p>El Gerente Gaspar Hern\u00e1ndez agradeci\u00f3 a la Escuela Primaria por trabajar de la mano con el Gobierno Municipal en beneficio del estudiantado y que estas acciones repercutan en la formaci\u00f3n de futuros ciudadanos de bien.<\/p>\n","protected":false},"excerpt":{"rendered":"<p>Con la meta de fomentar los valores patrios en la ni\u00f1ez y juventud de Morelia, la Gerencia del Patrimonio Cultural que encabeza Gaspar Hern\u00e1ndez Razo don\u00f3 100 pendones y 10 banderas alusivas al mes de septiembre a la Escuela Primaria Federal Jos\u00e9 Mart\u00ed.<\/p>\n","protected":false},"author":1,"featured_media":25689,"comment_status":"open","ping_status":"open","sticky":false,"template":"","format":"standard","meta":{"footnotes":""},"categories":[14,9],"tags":[],"class_list":["post-25688","post","type-post","status-publish","format-standard","has-post-thumbnail","hentry","category-destacadas","category-morelia"],"_links":{"self":[{"href":"https:\/\/radiowebmx.com\/nota\/wp-json\/wp\/v2\/posts\/25688","targetHints":{"allow":["GET"]}}],"collection":[{"href":"https:\/\/radiowebmx.com\/nota\/wp-json\/wp\/v2\/posts"}],"about":[{"href":"https:\/\/radiowebmx.com\/nota\/wp-json\/wp\/v2\/types\/post"}],"author":[{"embeddable":true,"href":"https:\/\/radiowebmx.com\/nota\/wp-json\/wp\/v2\/users\/1"}],"replies":[{"embeddable":true,"href":"https:\/\/radiowebmx.com\/nota\/wp-json\/wp\/v2\/comments?post=25688"}],"version-history":[{"count":1,"href":"https:\/\/radiowebmx.com\/nota\/wp-json\/wp\/v2\/posts\/25688\/revisions"}],"predecessor-version":[{"id":25690,"href":"https:\/\/radiowebmx.com\/nota\/wp-json\/wp\/v2\/posts\/25688\/revisions\/25690"}],"wp:featuredmedia":[{"embeddable":true,"href":"https:\/\/radiowebmx.com\/nota\/wp-json\/wp\/v2\/media\/25689"}],"wp:attachment":[{"href":"https:\/\/radiowebmx.com\/nota\/wp-json\/wp\/v2\/media?parent=25688"}],"wp:term":[{"taxonomy":"category","embeddable":true,"href":"https:\/\/radiowebmx.com\/nota\/wp-json\/wp\/v2\/categories?post=25688"},{"taxonomy":"post_tag","embeddable":true,"href":"https:\/\/radiowebmx.com\/nota\/wp-json\/wp\/v2\/tags?post=25688"}],"curies":[{"name":"wp","href":"https:\/\/api.w.org\/{rel}","templated":true}]}}