{"id":25679,"date":"2016-09-05T10:32:38","date_gmt":"2016-09-05T15:32:38","guid":{"rendered":"https:\/\/radiowebmx.com\/nota\/?p=25679"},"modified":"2016-09-05T10:32:38","modified_gmt":"2016-09-05T15:32:38","slug":"decision-de-silvano-aureoles-que-la-ruana-mpio-de-buenavista-sea-comunidad-modelo","status":"publish","type":"post","link":"https:\/\/radiowebmx.com\/nota\/decision-de-silvano-aureoles-que-la-ruana-mpio-de-buenavista-sea-comunidad-modelo\/","title":{"rendered":"Decisi\u00f3n de Silvano Aureoles, que La Ruana, mpio. de Buenavista, sea comunidad modelo"},"content":{"rendered":"<p>Felipe Carrillo Puerto, Mpio. de Buenavista Tomatl\u00e1n, Michoac\u00e1n, a 4 de septiembre de 2016.- Es decisi\u00f3n del Gobernador Constitucional Silvano Aureoles Conejo, apoyar con todo lo necesario a las autoridades locales y habitantes para que Felipe Carrillo Puerto se convierta en una comunidad modelo, manifest\u00f3 el secretario de Desarrollo Rural y Agroalimentario, Israel Tentory Garc\u00eda, al acudir con la representaci\u00f3n del mandatario estatal a entregar apoyos sociales a esta tenencia.<\/p>\n<p>En la plaza principal de esta localidad mejor conocida como La Ruana, funcionarios del Gobierno de Michoac\u00e1n dieron a conocer a las y los vecinos los pormenores de los programas sociales que emprende la administraci\u00f3n estatal e hicieron un llamado a que se organicen para que en pr\u00f3ximas fechas, el Gobernador Aureoles Conejo les tome protesta formal como integrantes del Comit\u00e9 Ciudadano que habr\u00e1 de estar al pendiente de la estrategia para la reconstrucci\u00f3n del tejido social en esta demarcaci\u00f3n.<\/p>\n<p>En ese tenor, el representante de la Secretar\u00eda de Pol\u00edtica Social, Juan Luis Contreras Calder\u00f3n mencion\u00f3 que se requieren soluciones de fondo para recuperar la tranquilidad y fomentar el desarrollo socioecon\u00f3mico, y una de ellas, es conformar una comunidad modelo, con gente que trabaje en varios temas a trav\u00e9s de comisiones espec\u00edficas, por lo que conforme a la instrucci\u00f3n del Gobernador del Estado, exhort\u00f3 a quienes tengan el deseo y compromiso real de servir a su comunidad, a acercarse a la Jefatura de Tenencia para conocer los detalles de c\u00f3mo operar\u00e1 el Comit\u00e9 Ciudadano.<\/p>\n<p>En tanto que Israel Tentory, titular de la Sedrua, se\u00f1al\u00f3 que como ha manifestado el mandatorio Silvano Aureoles, debe anteponerse el inter\u00e9s colectivo al inter\u00e9s particular, y tomando en cuenta que La Ruana se caracteriza por tener iniciativa para cambiar el estado de cosas, es que confi\u00f3 en que habr\u00e1 buena disposici\u00f3n para participar en la transformaci\u00f3n de esta comunidad.<\/p>\n<p>Mencion\u00f3 adem\u00e1s que el Gobernador Aureoles Conejo, ser\u00e1 quien acuda a instalar este Comit\u00e9 y solicit\u00f3 que trabajen en priorizar sus demandas y necesidades m\u00e1s sentidas.<\/p>\n<p>El presidente municipal de Buenavista, Lorenzo Barajas Heredia, mencion\u00f3 que como ya se realiza en Pinz\u00e1ndaro, se busca que La Ruana tambi\u00e9n sea comunidad modelo; &#8220;necesitamos juntos, con apoyo del Gobernador reconstruir nuestras comunidades&#8221;.<\/p>\n<p>Tambi\u00e9n, el jefe de tenencia de Felipe Carrillo Puerto, Mario Padilla Adame, manifest\u00f3 que algunas de las necesidades que requieren atenci\u00f3n inmediata son la seguridad p\u00fablica, el contar con una ambulancia, dos camiones de recolecci\u00f3n de basura y que la cl\u00ednica opere las 24 horas del d\u00eda.<\/p>\n<p>A sus vecinos pidi\u00f3 el no desaprovechar esta oportunidad de intervenci\u00f3n del Gobierno del Estado, puesto que la v\u00eda de soluci\u00f3n al problema de la delincuencia, es generar oportunidades y eso se construye de manera conjunta.<\/p>\n<p>En este marco, las autoridades estatales entregaron sillas de ruedas, bastones, despensas, material deportivo y cunas del programa Un Comienzo DIFerente.<\/p>\n<p>Estuvieron presentes en esta actividad, Mar\u00eda Trinidad Estrada Valencia, presidenta del DIF Municipal de Buenavista; Edna D\u00edaz Acevedo, directora de la Comisi\u00f3n Estatal de Cultura F\u00edsica y Deporte; Carlos Alberto Paredes Correa, vocal ejecutivo del Cedemun; Lucero Mart\u00ednez Trevi\u00f1o, coordinadora de Atenci\u00f3n Ciudadana; Edgar Hugo Rojas Figueroa, director del Instituto de la Defensor\u00eda P\u00fablica; Alberto N\u00fa\u00f1ez Mora, fiscal regional de Apatzing\u00e1n; el Cabildo Buenavista, por mencionar algunos.<\/p>\n","protected":false},"excerpt":{"rendered":"<p>Es decisi\u00f3n del Gobernador Constitucional Silvano Aureoles Conejo, apoyar con todo lo necesario a las autoridades locales y habitantes para que Felipe Carrillo Puerto se convierta en una comunidad modelo, manifest\u00f3 el secretario de Desarrollo Rural y Agroalimentario<\/p>\n","protected":false},"author":1,"featured_media":25680,"comment_status":"open","ping_status":"open","sticky":false,"template":"","format":"standard","meta":{"footnotes":""},"categories":[14,3],"tags":[],"class_list":["post-25679","post","type-post","status-publish","format-standard","has-post-thumbnail","hentry","category-destacadas","category-gobierno-del-estado-de-michoacan"],"_links":{"self":[{"href":"https:\/\/radiowebmx.com\/nota\/wp-json\/wp\/v2\/posts\/25679","targetHints":{"allow":["GET"]}}],"collection":[{"href":"https:\/\/radiowebmx.com\/nota\/wp-json\/wp\/v2\/posts"}],"about":[{"href":"https:\/\/radiowebmx.com\/nota\/wp-json\/wp\/v2\/types\/post"}],"author":[{"embeddable":true,"href":"https:\/\/radiowebmx.com\/nota\/wp-json\/wp\/v2\/users\/1"}],"replies":[{"embeddable":true,"href":"https:\/\/radiowebmx.com\/nota\/wp-json\/wp\/v2\/comments?post=25679"}],"version-history":[{"count":1,"href":"https:\/\/radiowebmx.com\/nota\/wp-json\/wp\/v2\/posts\/25679\/revisions"}],"predecessor-version":[{"id":25681,"href":"https:\/\/radiowebmx.com\/nota\/wp-json\/wp\/v2\/posts\/25679\/revisions\/25681"}],"wp:featuredmedia":[{"embeddable":true,"href":"https:\/\/radiowebmx.com\/nota\/wp-json\/wp\/v2\/media\/25680"}],"wp:attachment":[{"href":"https:\/\/radiowebmx.com\/nota\/wp-json\/wp\/v2\/media?parent=25679"}],"wp:term":[{"taxonomy":"category","embeddable":true,"href":"https:\/\/radiowebmx.com\/nota\/wp-json\/wp\/v2\/categories?post=25679"},{"taxonomy":"post_tag","embeddable":true,"href":"https:\/\/radiowebmx.com\/nota\/wp-json\/wp\/v2\/tags?post=25679"}],"curies":[{"name":"wp","href":"https:\/\/api.w.org\/{rel}","templated":true}]}}