{"id":25676,"date":"2016-09-05T10:24:56","date_gmt":"2016-09-05T15:24:56","guid":{"rendered":"https:\/\/radiowebmx.com\/nota\/?p=25676"},"modified":"2016-09-05T10:24:56","modified_gmt":"2016-09-05T15:24:56","slug":"ayuntamiento-de-morelia-canta-el-playball-en-la-liga-municipal-de-beisbol-francisco-vilchis-perez","status":"publish","type":"post","link":"https:\/\/radiowebmx.com\/nota\/ayuntamiento-de-morelia-canta-el-playball-en-la-liga-municipal-de-beisbol-francisco-vilchis-perez\/","title":{"rendered":"Ayuntamiento de Morelia canta el \u201cplayball\u201d en la Liga Municipal de B\u00e9isbol \u201cFrancisco Vilchis P\u00e9rez\u201d"},"content":{"rendered":"<p>Consciente de lo que representa el llamado \u201crey de los deportes\u201d, el Director General del Instituto Municipal de Cultura F\u00edsica y Deporte (IMDE), Gustavo Ju\u00e1rez Bedolla, en representaci\u00f3n del Presidente Municipal de Morelia, Alfonso Mart\u00ednez Alc\u00e1zar, lanz\u00f3 la primera bola durante la ceremonia de apertura de la Liga Municipal de B\u00e9isbol que llevar\u00e1 por nombre \u201cFrancisco Vilchis P\u00e9rez\u201d, en honor a uno de los impulsores de esta disciplina en el estado, la cual tuvo como escenario el estadio Francisco Villa del Centro Deportivo Ejercito de la Revoluci\u00f3n (CDER).<\/p>\n<p>El Jefe de la Comuna Moreliana, Alfonso Mart\u00ednez Alc\u00e1zar a trav\u00e9s del IMDE, ha desarrollado diversos programas con el af\u00e1n de potenciar la promoci\u00f3n del deporte en Morelia y sus tenencias, es por ello, que ahora con la creaci\u00f3n de la Liga Municipal de B\u00e9isbol A.C., tambi\u00e9n se promover\u00e1 esta disciplina entre la ni\u00f1ez con un centro de formaci\u00f3n ubicado en la Unidad Deportiva Morelos-Indeco, as\u00ed como en softbol para mujeres o mixto.<\/p>\n<p>Al filo del mediod\u00eda, en la tribuna del estadio Francisco Villa del Centro Deportivo Ejercito de la Revoluci\u00f3n (CDER) se dieron cita: Gustavo Ju\u00e1rez Bedolla, Director General del Instituto Municipal de Cultura F\u00edsica y Deporte (IMDE), en representaci\u00f3n del Alcalde capitalino, Alfonso Mart\u00ednez Alc\u00e1zar; Hugo Barajas, titular del Departamento de Deporte Selectivo de la Comisi\u00f3n Estatal de Cultura F\u00edsica y Deporte (CECUFID); as\u00ed como Gerardo Garc\u00eda Pi\u00f1\u00f3n, Presidente de la Liga Municipal de B\u00e9isbol Morelia A.C., adem\u00e1s de peloteros de las seis novenas que entrar\u00e1n en acci\u00f3n en la presente campa\u00f1a.<\/p>\n<p>\u201cPor instrucciones del Alcalde, Alfonso Mart\u00ednez Alc\u00e1zar, hemos dado todas las facilidades para que en la Unidad Deportiva Morelos-Indeco, se practique el b\u00e9isbol en sus diferentes categor\u00edas y desde luego en el softbol en el caso de las damas; quiero decirles que vienen proyectos muy importantes que ojala se puedan concretar y con ello sentar bases firmes en el b\u00e9isbol aqu\u00ed en Morelia\u201d, expres\u00f3 el titular del deporte en Morelia, Gustavo Ju\u00e1rez Bedolla.<\/p>\n<p>Durante la apertura de la Liga Municipal de B\u00e9isbol Morelia, se entreg\u00f3 un reconocimiento a uno de los impulsores del \u201crey de los deportes\u201d en el estado, Francisco Vilchis P\u00e9rez. La presente temporada se pondr\u00e1 en marcha el domingo 11 de septiembre con la participaci\u00f3n de las novenas de: Cuervos, Astros, Tigres, Caimanes, Titanes y Camarones Guasave\u00f1os, en la categor\u00eda de Primera Fuerza o Libre, las cuales tienen como sede las comunidades de Joyitas, San Bernab\u00e9  y Morelia.<\/p>\n<p>\u201cCon la creaci\u00f3n de esta Liga pretendemos rescatar la pr\u00e1ctica del b\u00e9isbol en Morelia, en categor\u00edas para adultos, ni\u00f1os y j\u00f3venes, adem\u00e1s de las mujeres en softbol. Por lo cual, quiero agradecer el decidido apoyo que hemos recibido de las autoridades municipales y estatales en materia del deporte\u201d, extern\u00f3 Gerardo Garc\u00eda Pi\u00f1\u00f3n, Presidente de la Liga.<\/p>\n<p>El sistema de competencia ser\u00e1 a dos vueltas a visita rec\u00edproca y avanzar\u00e1n a la ronda final los cuatro primeros lugares de la temporada. La serie por el gallardete ser\u00e1 a ganar 4 de 7 juegos.<\/p>\n","protected":false},"excerpt":{"rendered":"<p>Consciente de lo que representa el llamado \u201crey de los deportes\u201d, el Director General del Instituto Municipal de Cultura F\u00edsica y Deporte (IMDE), Gustavo Ju\u00e1rez Bedolla, en representaci\u00f3n del Presidente Municipal de Morelia, Alfonso Mart\u00ednez Alc\u00e1zar, lanz\u00f3 la primera bola durante la ceremonia de apertura de la Liga Municipal de B\u00e9isbol<\/p>\n","protected":false},"author":1,"featured_media":25677,"comment_status":"open","ping_status":"open","sticky":false,"template":"","format":"standard","meta":{"footnotes":""},"categories":[14,9],"tags":[],"class_list":["post-25676","post","type-post","status-publish","format-standard","has-post-thumbnail","hentry","category-destacadas","category-morelia"],"_links":{"self":[{"href":"https:\/\/radiowebmx.com\/nota\/wp-json\/wp\/v2\/posts\/25676","targetHints":{"allow":["GET"]}}],"collection":[{"href":"https:\/\/radiowebmx.com\/nota\/wp-json\/wp\/v2\/posts"}],"about":[{"href":"https:\/\/radiowebmx.com\/nota\/wp-json\/wp\/v2\/types\/post"}],"author":[{"embeddable":true,"href":"https:\/\/radiowebmx.com\/nota\/wp-json\/wp\/v2\/users\/1"}],"replies":[{"embeddable":true,"href":"https:\/\/radiowebmx.com\/nota\/wp-json\/wp\/v2\/comments?post=25676"}],"version-history":[{"count":1,"href":"https:\/\/radiowebmx.com\/nota\/wp-json\/wp\/v2\/posts\/25676\/revisions"}],"predecessor-version":[{"id":25678,"href":"https:\/\/radiowebmx.com\/nota\/wp-json\/wp\/v2\/posts\/25676\/revisions\/25678"}],"wp:featuredmedia":[{"embeddable":true,"href":"https:\/\/radiowebmx.com\/nota\/wp-json\/wp\/v2\/media\/25677"}],"wp:attachment":[{"href":"https:\/\/radiowebmx.com\/nota\/wp-json\/wp\/v2\/media?parent=25676"}],"wp:term":[{"taxonomy":"category","embeddable":true,"href":"https:\/\/radiowebmx.com\/nota\/wp-json\/wp\/v2\/categories?post=25676"},{"taxonomy":"post_tag","embeddable":true,"href":"https:\/\/radiowebmx.com\/nota\/wp-json\/wp\/v2\/tags?post=25676"}],"curies":[{"name":"wp","href":"https:\/\/api.w.org\/{rel}","templated":true}]}}