{"id":25673,"date":"2016-09-05T10:15:27","date_gmt":"2016-09-05T15:15:27","guid":{"rendered":"https:\/\/radiowebmx.com\/nota\/?p=25673"},"modified":"2016-09-05T10:15:27","modified_gmt":"2016-09-05T15:15:27","slug":"familias-afectadas-en-uruapan-seran-reubicadas-adrian-lopez-solis","status":"publish","type":"post","link":"https:\/\/radiowebmx.com\/nota\/familias-afectadas-en-uruapan-seran-reubicadas-adrian-lopez-solis\/","title":{"rendered":"Familias afectadas en Uruapan ser\u00e1n reubicadas: Adri\u00e1n L\u00f3pez Sol\u00eds"},"content":{"rendered":"<p>Uruapan, Michoac\u00e1n, a 4 de septiembre de 2016.- El Gobierno del Estado, en coordinaci\u00f3n con el Ayuntamiento de Uruapan y el Gobierno Federal, reubicar\u00e1n a las familias afectadas por las lluvias en diversas colonias de esta cabecera municipal.<\/p>\n<p>As\u00ed lo inform\u00f3 el secretario de Gobierno, Adri\u00e1n L\u00f3pez Sol\u00eds, quien en reuni\u00f3n de trabajo con el presidente municipal V\u00edctor Manuel Manr\u00edquez Gonz\u00e1lez y delegados federales acordaron reubicar de manera inmediata a las familias que habitaban 107 viviendas que resultaron colapsadas y se encontraban en una zona de riesgo.<\/p>\n<p>Tras hacer un balance sobre las afectaciones, la Coordinaci\u00f3n Estatal de Protecci\u00f3n Civil, la Secretar\u00eda de Pol\u00edtica Social y el Ayuntamiento de Uruapan realizaron un censo, que arroj\u00f3 que han sido afectadas mil 440 personas y que 107 casas presentan da\u00f1os totales en su infraestructura.<\/p>\n<p>Por lo anterior, el encargado de la pol\u00edtica interna y el presidente municipal, con el respaldo del Gobernador Silvano Aureoles Conejo, asumieron el compromiso de donar un terreno para la reubicaci\u00f3n de las familias afectadas por el temporal y deslaves.<\/p>\n<p>L\u00f3pez Sol\u00eds supervis\u00f3 los avances en cuanto a las acciones que se est\u00e1n realizando tanto en las brigadas m\u00e9dicas, las labores de desazolve y limpieza de las zonas afectadas, adem\u00e1s de iniciar las gestiones para dotar de enseres a los afectados por las contingencias.<\/p>\n<p>De igual manera, se\u00f1al\u00f3 que a partir de este lunes la Direcci\u00f3n del Registro Civil, a trav\u00e9s de sus oficial\u00edas, comenzar\u00e1 a coadyuvar a los afectados para la recuperaci\u00f3n de sus documentos de identidad y con ello poder respaldarlos en los programas que requieran. En ese sentido, dijo, que tambi\u00e9n el Registro P\u00fablico de la Propiedad realizar\u00e1 los trabajos correspondientes en cuanto a la situaci\u00f3n de los predios da\u00f1ados.<\/p>\n<p>Inform\u00f3 que en esta misma semana el Gobernador Silvano Aureoles Conejo estar\u00e1 entregando apoyos y enseres dom\u00e9sticos a las familias que ser\u00e1n reubicadas, para que de esta manera contin\u00faen sus actividades cotidianas.<\/p>\n<p>El secretario agradeci\u00f3 a los delegados federales su participaci\u00f3n solidaria con las autoridades estatales y municipales, y resalt\u00f3 que el trabajo coordinado es fundamental para atender las contingencias en beneficio de la sociedad.<\/p>\n<p>&#8220;Nos sentimos todos parte de un mismo esfuerzo, queremos encaminar un trabajo que d\u00e9 resultados. Nosotros, por nuestra parte, estamos haciendo lo que nos corresponde a trav\u00e9s de las distintas dependencias&#8221;, expres\u00f3.<\/p>\n<p>El delegado en Michoac\u00e1n de la Semarnat, Mauro Ballesteros Figueroa, expuso que las instancias federales, en conjunto con las estatales, comenzar\u00e1n a realizar acciones de reforestaci\u00f3n y contenci\u00f3n en el Cerro de la Cruz, mismo que ante el temporal y las afectaciones sufridas ha ocasionado deslaves y ca\u00edda de ramas.<\/p>\n<p>Por su parte, el coordinador estatal de Protecci\u00f3n Civil, Pedro Carlos Mandujano V\u00e1zquez, inform\u00f3 que se est\u00e1n haciendo notificaciones a pobladores de otras colonias de la cabecera municipal que tambi\u00e9n se encuentran en zonas de alto riesgo; ante ello, pidi\u00f3 que los ciudadanos atiendan las recomendaciones de las autoridades.<\/p>\n<p>Puntualiz\u00f3 que todas las familias en zonas de riesgo ya han abandonado sus viviendas y se encuentran tanto en los albergues como en hogares de familiares, por lo que ya no hay personas en los espacios da\u00f1ados por las lluvias y deslaves.<\/p>\n<p>Es de mencionar que de acuerdo con el pron\u00f3stico del Servicio Meteorol\u00f3gico Nacional (SMN) las lluvias continuar\u00e1n en gran parte de la geograf\u00eda michoacana, debido a la posibilidad de la formaci\u00f3n de un cicl\u00f3n tropical en el Oc\u00e9ano Pac\u00edfico.<\/p>\n<p>Por lo anterior, el Gobierno del Estado refrenda su llamado a la poblaci\u00f3n para que se mantenga al tanto de la informaci\u00f3n y recomendaciones de Protecci\u00f3n Civil; de igual manera, pone a disposici\u00f3n el n\u00famero 066 de emergencias ante cualquier suceso.<\/p>\n","protected":false},"excerpt":{"rendered":"<p>El Gobierno del Estado, en coordinaci\u00f3n con el Ayuntamiento de Uruapan y el Gobierno Federal, reubicar\u00e1n a las familias afectadas por las lluvias en diversas colonias de esta cabecera municipal.<\/p>\n","protected":false},"author":1,"featured_media":25674,"comment_status":"open","ping_status":"open","sticky":false,"template":"","format":"standard","meta":{"footnotes":""},"categories":[14,3],"tags":[],"class_list":["post-25673","post","type-post","status-publish","format-standard","has-post-thumbnail","hentry","category-destacadas","category-gobierno-del-estado-de-michoacan"],"_links":{"self":[{"href":"https:\/\/radiowebmx.com\/nota\/wp-json\/wp\/v2\/posts\/25673","targetHints":{"allow":["GET"]}}],"collection":[{"href":"https:\/\/radiowebmx.com\/nota\/wp-json\/wp\/v2\/posts"}],"about":[{"href":"https:\/\/radiowebmx.com\/nota\/wp-json\/wp\/v2\/types\/post"}],"author":[{"embeddable":true,"href":"https:\/\/radiowebmx.com\/nota\/wp-json\/wp\/v2\/users\/1"}],"replies":[{"embeddable":true,"href":"https:\/\/radiowebmx.com\/nota\/wp-json\/wp\/v2\/comments?post=25673"}],"version-history":[{"count":1,"href":"https:\/\/radiowebmx.com\/nota\/wp-json\/wp\/v2\/posts\/25673\/revisions"}],"predecessor-version":[{"id":25675,"href":"https:\/\/radiowebmx.com\/nota\/wp-json\/wp\/v2\/posts\/25673\/revisions\/25675"}],"wp:featuredmedia":[{"embeddable":true,"href":"https:\/\/radiowebmx.com\/nota\/wp-json\/wp\/v2\/media\/25674"}],"wp:attachment":[{"href":"https:\/\/radiowebmx.com\/nota\/wp-json\/wp\/v2\/media?parent=25673"}],"wp:term":[{"taxonomy":"category","embeddable":true,"href":"https:\/\/radiowebmx.com\/nota\/wp-json\/wp\/v2\/categories?post=25673"},{"taxonomy":"post_tag","embeddable":true,"href":"https:\/\/radiowebmx.com\/nota\/wp-json\/wp\/v2\/tags?post=25673"}],"curies":[{"name":"wp","href":"https:\/\/api.w.org\/{rel}","templated":true}]}}