{"id":25659,"date":"2016-09-02T11:45:25","date_gmt":"2016-09-02T16:45:25","guid":{"rendered":"https:\/\/radiowebmx.com\/nota\/?p=25659"},"modified":"2016-09-02T11:45:25","modified_gmt":"2016-09-02T16:45:25","slug":"arranco-el-programa-cine-y-teatro-en-tu-tenencia","status":"publish","type":"post","link":"https:\/\/radiowebmx.com\/nota\/arranco-el-programa-cine-y-teatro-en-tu-tenencia\/","title":{"rendered":"Arranc\u00f3 el programa \u201cCine y Teatro en tu Tenencia\u201d"},"content":{"rendered":"<p>Con el prop\u00f3sito de acercar la cultura y abrir espacios para la convivencia familiar en la zona rural de Morelia, el Gobierno Municipal que encabeza el Alcalde, Alfonso Mart\u00ednez Alc\u00e1zar, a trav\u00e9s de la Gerencia del Patrimonio Cultural, arranc\u00f3 el programa \u201cCine y Teatro en tu Tenencia\u201d.<\/p>\n<p>El titular de esta \u00e1rea del municipio, Gaspar Hern\u00e1ndez Razo, asegur\u00f3 que las proyecciones de las pel\u00edculas, principalmente infantiles, y la puesta en escena de la obra teatral \u201cDe ac\u00e1, de este lado\u201d, del Director Juan Carlos Arvide, que aborda el tema migrante, ser\u00e1n las acciones que en espec\u00edfico se ofrecer\u00e1n a los habitantes de las comunidades de Morelia.<\/p>\n<p>En este arranque en la localidad de la Aldea de la Tenencia de Atapaneo, se llev\u00f3 alegr\u00eda a decenas de ni\u00f1os de la zona rural, quienes compartieron en familia y dentro de un ambiente de alegr\u00eda y convivencia, de la proyecci\u00f3n de la pel\u00edcula \u201cLa leyenda del tesoro\u201d.<\/p>\n<p>Hern\u00e1ndez Razo, manifest\u00f3 que estas acciones forman parte de la contribuci\u00f3n que realiza la Gerencia al Bando Solemne, con motivo de las fiestas patrias; es importante mencionar que ser\u00e1n 32 las actividades las que realizar\u00e1 esta dependencia municipal en el mes de septiembre.<\/p>\n<p>\u201cSe trata de una cartelera de actividades l\u00fadicas y culturales encaminadas al disfrute de los morelianos que viven en las Tenencias de la capital de Michoac\u00e1n\u201d, resalt\u00f3. <\/p>\n<p>Asimismo, el Gerente del Patrimonio Cultural de Morelia record\u00f3 que posterior a las proyecciones de pel\u00edculas que se realizar\u00e1n cada jueves y viernes de los meses ya mencionados, los s\u00e1bados ser\u00e1n de teatro para la Tenencia de Atapaneo y sus comunidades, posteriormente ser\u00e1 el turno de San Miguel del Monte, Capula y para final de mes, se tendr\u00e1 el cierre de estas actividades en San Nicol\u00e1s Obispo.<\/p>\n","protected":false},"excerpt":{"rendered":"<p>Con el prop\u00f3sito de acercar la cultura y abrir espacios para la convivencia familiar en la zona rural de Morelia, el Gobierno Municipal que encabeza el Alcalde, Alfonso Mart\u00ednez Alc\u00e1zar, a trav\u00e9s de la Gerencia del Patrimonio Cultural, arranc\u00f3 el programa \u201cCine y Teatro en tu Tenencia\u201d.<\/p>\n","protected":false},"author":1,"featured_media":25660,"comment_status":"open","ping_status":"open","sticky":false,"template":"","format":"standard","meta":{"footnotes":""},"categories":[14,9],"tags":[],"class_list":["post-25659","post","type-post","status-publish","format-standard","has-post-thumbnail","hentry","category-destacadas","category-morelia"],"_links":{"self":[{"href":"https:\/\/radiowebmx.com\/nota\/wp-json\/wp\/v2\/posts\/25659","targetHints":{"allow":["GET"]}}],"collection":[{"href":"https:\/\/radiowebmx.com\/nota\/wp-json\/wp\/v2\/posts"}],"about":[{"href":"https:\/\/radiowebmx.com\/nota\/wp-json\/wp\/v2\/types\/post"}],"author":[{"embeddable":true,"href":"https:\/\/radiowebmx.com\/nota\/wp-json\/wp\/v2\/users\/1"}],"replies":[{"embeddable":true,"href":"https:\/\/radiowebmx.com\/nota\/wp-json\/wp\/v2\/comments?post=25659"}],"version-history":[{"count":1,"href":"https:\/\/radiowebmx.com\/nota\/wp-json\/wp\/v2\/posts\/25659\/revisions"}],"predecessor-version":[{"id":25661,"href":"https:\/\/radiowebmx.com\/nota\/wp-json\/wp\/v2\/posts\/25659\/revisions\/25661"}],"wp:featuredmedia":[{"embeddable":true,"href":"https:\/\/radiowebmx.com\/nota\/wp-json\/wp\/v2\/media\/25660"}],"wp:attachment":[{"href":"https:\/\/radiowebmx.com\/nota\/wp-json\/wp\/v2\/media?parent=25659"}],"wp:term":[{"taxonomy":"category","embeddable":true,"href":"https:\/\/radiowebmx.com\/nota\/wp-json\/wp\/v2\/categories?post=25659"},{"taxonomy":"post_tag","embeddable":true,"href":"https:\/\/radiowebmx.com\/nota\/wp-json\/wp\/v2\/tags?post=25659"}],"curies":[{"name":"wp","href":"https:\/\/api.w.org\/{rel}","templated":true}]}}