{"id":25652,"date":"2016-08-31T11:19:28","date_gmt":"2016-08-31T16:19:28","guid":{"rendered":"https:\/\/radiowebmx.com\/nota\/?p=25652"},"modified":"2016-09-08T13:35:51","modified_gmt":"2016-09-08T18:35:51","slug":"inauguran-2-aulas-didacticas-para-escuela-primaria-en-el-municipio-de-tarimbaro","status":"publish","type":"post","link":"https:\/\/radiowebmx.com\/nota\/inauguran-2-aulas-didacticas-para-escuela-primaria-en-el-municipio-de-tarimbaro\/","title":{"rendered":"Inauguran 2 aulas did\u00e1cticas para escuela primaria en el municipio de Tar\u00edmbaro"},"content":{"rendered":"<p><a href=\"https:\/\/radiowebmx.com\/nota\/wp-content\/uploads\/2016\/09\/unnamed-1.jpg\"><img loading=\"lazy\" decoding=\"async\" class=\"alignleft size-full wp-image-25653\" src=\"https:\/\/radiowebmx.com\/nota\/wp-content\/uploads\/2016\/09\/unnamed-1.jpg\" alt=\"unnamed (1)\" width=\"693\" height=\"520\" srcset=\"https:\/\/radiowebmx.com\/nota\/wp-content\/uploads\/2016\/09\/unnamed-1.jpg 693w, https:\/\/radiowebmx.com\/nota\/wp-content\/uploads\/2016\/09\/unnamed-1-300x225.jpg 300w\" sizes=\"auto, (max-width: 693px) 100vw, 693px\" \/><\/a>Tar\u00edmbaro Michoac\u00e1n a 28 de Agosto del 2016. El Presidente Municipal Lic. Baltazar Gaona S\u00e1nchez en coordinaci\u00f3n con el Director de Obras P\u00fablicas Arq. Salvador Garza Ojeda inauguraron 2 aulas did\u00e1cticas en la Escuela Primaria del fraccionamiento Metr\u00f3polis 2, con una inversi\u00f3n de $600,000 (Seiscientos mil pesos).<br \/>\nEn la inauguraci\u00f3n, el presidente municipal, hizo referencia de la importancia de tener escuelas dignas, adem\u00e1s enfatiz\u00f3 en su compromiso de terminar con las escuelas de palitos, refiri\u00e9ndose tambi\u00e9n a que ahora les corresponde a los maestros y alumnos cuidar las instalaciones y s\u00e9 comprometi\u00f3 a seguir luchando por la educaci\u00f3n para tener un pueblo educado, as\u00ed mismo se mencion\u00f3 el trabajo que se realiza es en conjunto con los padres y directivos, enfatiz\u00f3 en que un pueblo educado es un pueblo que avanza as\u00ed mismo coment\u00f3 que pese a los m\u00faltiples problemas heredados de la administraci\u00f3n anterior, \u00e9stos no deben ser un pretexto para el desarrollo municipal;la poblaci\u00f3n no es la responsable de una mala administraci\u00f3n; y reconoci\u00f3 que se tiene que trabajar con lo que hay y dar resultados para alcanzar el progreso; a su vez reconoci\u00f3 que los recursos son insuficientes para alcanzar los objetivos planteados pero ;tampoco ser\u00e1 pretexto para llevar a cabo en \u00e9sta administraci\u00f3n.<br \/>\nEl director de la zona escolar reconoci\u00f3 que fue un compromiso de campa\u00f1a que se cumple y solicito mayor apoyo para que la calidad de la escuela siga en crecimiento. El presidente Lic Baltazar Gaona se comprometi\u00f3 en apoyar a la escuela con 3 aulas m\u00e1s ya que las instalaciones de la misma est\u00e1n deterioradas y varios de los salones est\u00e1n hechos de madera.<\/p>\n<p>La poblaci\u00f3n reconoci\u00f3 que el inter\u00e9s del edil conforme a la educaci\u00f3n debido a que en la zona se entregar\u00e1n m\u00e1s aulas en los distintos niveles educativos. Las personalidades de asistieron al evento son: Iv\u00e1n V\u00e1zquez Moreno, Sindico Municipal y la Regidora Celeste Garc\u00eda Alfaro.<\/p>\n","protected":false},"excerpt":{"rendered":"<p>En la inauguraci\u00f3n, el presidente municipal, hizo referencia de la importancia de tener escuelas dignas, adem\u00e1s enfatiz\u00f3 en su compromiso de terminar con las escuelas de palitos, refiri\u00e9ndose tambi\u00e9n a que ahora les corresponde a los maestros y alumnos cuidar las instalaciones<\/p>\n","protected":false},"author":1,"featured_media":25653,"comment_status":"open","ping_status":"open","sticky":false,"template":"","format":"standard","meta":{"footnotes":""},"categories":[14,22],"tags":[],"class_list":["post-25652","post","type-post","status-publish","format-standard","has-post-thumbnail","hentry","category-destacadas","category-tarimbaro"],"_links":{"self":[{"href":"https:\/\/radiowebmx.com\/nota\/wp-json\/wp\/v2\/posts\/25652","targetHints":{"allow":["GET"]}}],"collection":[{"href":"https:\/\/radiowebmx.com\/nota\/wp-json\/wp\/v2\/posts"}],"about":[{"href":"https:\/\/radiowebmx.com\/nota\/wp-json\/wp\/v2\/types\/post"}],"author":[{"embeddable":true,"href":"https:\/\/radiowebmx.com\/nota\/wp-json\/wp\/v2\/users\/1"}],"replies":[{"embeddable":true,"href":"https:\/\/radiowebmx.com\/nota\/wp-json\/wp\/v2\/comments?post=25652"}],"version-history":[{"count":2,"href":"https:\/\/radiowebmx.com\/nota\/wp-json\/wp\/v2\/posts\/25652\/revisions"}],"predecessor-version":[{"id":25752,"href":"https:\/\/radiowebmx.com\/nota\/wp-json\/wp\/v2\/posts\/25652\/revisions\/25752"}],"wp:featuredmedia":[{"embeddable":true,"href":"https:\/\/radiowebmx.com\/nota\/wp-json\/wp\/v2\/media\/25653"}],"wp:attachment":[{"href":"https:\/\/radiowebmx.com\/nota\/wp-json\/wp\/v2\/media?parent=25652"}],"wp:term":[{"taxonomy":"category","embeddable":true,"href":"https:\/\/radiowebmx.com\/nota\/wp-json\/wp\/v2\/categories?post=25652"},{"taxonomy":"post_tag","embeddable":true,"href":"https:\/\/radiowebmx.com\/nota\/wp-json\/wp\/v2\/tags?post=25652"}],"curies":[{"name":"wp","href":"https:\/\/api.w.org\/{rel}","templated":true}]}}