{"id":25643,"date":"2016-09-02T10:56:27","date_gmt":"2016-09-02T15:56:27","guid":{"rendered":"https:\/\/radiowebmx.com\/nota\/?p=25643"},"modified":"2016-09-02T12:08:26","modified_gmt":"2016-09-02T17:08:26","slug":"semigrante-signa-acuerdo-en-favor-de-los-michoacanos-en-el-extranjero","status":"publish","type":"post","link":"https:\/\/radiowebmx.com\/nota\/semigrante-signa-acuerdo-en-favor-de-los-michoacanos-en-el-extranjero\/","title":{"rendered":"Semigrante signa acuerdo en favor de los michoacanos en el extranjero"},"content":{"rendered":"<p>Morelia, Michoac\u00e1n, a 1 de septiembre de 2016.- Con la finalidad de formalizar las condiciones y los mecanismos de difusi\u00f3n, colaboraci\u00f3n y coordinaci\u00f3n para fomentar las asesor\u00edas jur\u00eddicas gratuitas, la traducci\u00f3n de documentos legales a bajo costo entre los migrantes michoacanos as\u00ed como la capacitaci\u00f3n a los 113 centros municipales de Atenci\u00f3n al Migrante del estado, la Asociaci\u00f3n Oriente Social Educativo A.C. y la Secretar\u00eda del Migrante (Semigrante) firmaron un convenio de cooperaci\u00f3n.<\/p>\n<p>Estas acciones ser\u00e1n realizadas mediante la mejora en los tiempos de entrega de documentos traducidos y la difusi\u00f3n de los tipos de tr\u00e1mites y servicios susceptibles de traducci\u00f3n y certificaci\u00f3n para la comunidad migrante en sus lugares de residencia y para sus familias en sus lugares de origen.<\/p>\n<p>Durante la firma de este acuerdo el titular de la Semigrante, Jos\u00e9 Luis Guti\u00e9rrez, detall\u00f3 que la dependencia contribuir\u00e1 en la continua difusi\u00f3n de los servicios y tramites que se brindan, as\u00ed como de las asesor\u00edas que d\u00eda con d\u00eda se ofrecen en todos los temas que conciernen al sector.<\/p>\n<p>\u201cDebemos trabajar de manera coordinada con las asociaciones que ofrezcan mayores beneficios y un mejor servicio a la comunidad migrante y sus familias, en esta ocasi\u00f3n en todos los documentos que requieren de su traducci\u00f3n, para que puedan realizar toda clase de tr\u00e1mites en ambas naciones, y con ello contribuir al desarrollo integral de la comunidad migrante y sus familias. Es indispensable que nuestros connacionales conozcan los beneficios que con estos convenios colaborativos cuentan\u201d, resalt\u00f3.<\/p>\n<p>Indic\u00f3 que el Gobernador Silvano Aureoles Conejo tiene una visi\u00f3n muy amplia en la que incluye a todos los michoacanos y a sus migrantes en Estados Unidos, por lo que se debe de trabajar con este enfoque de consolidar d\u00eda a d\u00eda a Michoac\u00e1n como un estado binacional.<\/p>\n<p>Citlalli Vianey Suarez Farf\u00e1n, directora de la Asociaci\u00f3n Oriente Social Educativo, A.C., agradeci\u00f3 el inter\u00e9s de colaborar con la Semigrante y resalt\u00f3 la importancia de sumar y capitalizar esfuerzos para atender las necesidades de los michoacanos que radican en Estados Unidos y a sus familias en sus comunidades de origen.<\/p>\n<p>La idea es ayudar a responder y atender a la necesidad que existe no s\u00f3lo en Morelia sino en los en los 113 municipios del estado, respecto de los servicios de traducci\u00f3n de documentos oficiales que sirven para infinidad de tr\u00e1mites. La colaboraci\u00f3n con esta asociaci\u00f3n, integrada por personal experimentado y comprometido con el sector migrante, dar\u00e1n un espacio serio y profesional al que pueden acudir.<\/p>\n","protected":false},"excerpt":{"rendered":"<p>Con la finalidad de formalizar las condiciones y los mecanismos de difusi\u00f3n, colaboraci\u00f3n y coordinaci\u00f3n para fomentar las asesor\u00edas jur\u00eddicas gratuitas, la traducci\u00f3n de documentos legales a bajo costo entre los migrantes michoacanos as\u00ed como la capacitaci\u00f3n a los 113 centros municipales de Atenci\u00f3n al Migrante del estado<\/p>\n","protected":false},"author":1,"featured_media":25644,"comment_status":"open","ping_status":"open","sticky":false,"template":"","format":"standard","meta":{"footnotes":""},"categories":[14,3],"tags":[],"class_list":["post-25643","post","type-post","status-publish","format-standard","has-post-thumbnail","hentry","category-destacadas","category-gobierno-del-estado-de-michoacan"],"_links":{"self":[{"href":"https:\/\/radiowebmx.com\/nota\/wp-json\/wp\/v2\/posts\/25643","targetHints":{"allow":["GET"]}}],"collection":[{"href":"https:\/\/radiowebmx.com\/nota\/wp-json\/wp\/v2\/posts"}],"about":[{"href":"https:\/\/radiowebmx.com\/nota\/wp-json\/wp\/v2\/types\/post"}],"author":[{"embeddable":true,"href":"https:\/\/radiowebmx.com\/nota\/wp-json\/wp\/v2\/users\/1"}],"replies":[{"embeddable":true,"href":"https:\/\/radiowebmx.com\/nota\/wp-json\/wp\/v2\/comments?post=25643"}],"version-history":[{"count":2,"href":"https:\/\/radiowebmx.com\/nota\/wp-json\/wp\/v2\/posts\/25643\/revisions"}],"predecessor-version":[{"id":25668,"href":"https:\/\/radiowebmx.com\/nota\/wp-json\/wp\/v2\/posts\/25643\/revisions\/25668"}],"wp:featuredmedia":[{"embeddable":true,"href":"https:\/\/radiowebmx.com\/nota\/wp-json\/wp\/v2\/media\/25644"}],"wp:attachment":[{"href":"https:\/\/radiowebmx.com\/nota\/wp-json\/wp\/v2\/media?parent=25643"}],"wp:term":[{"taxonomy":"category","embeddable":true,"href":"https:\/\/radiowebmx.com\/nota\/wp-json\/wp\/v2\/categories?post=25643"},{"taxonomy":"post_tag","embeddable":true,"href":"https:\/\/radiowebmx.com\/nota\/wp-json\/wp\/v2\/tags?post=25643"}],"curies":[{"name":"wp","href":"https:\/\/api.w.org\/{rel}","templated":true}]}}