{"id":25640,"date":"2016-09-02T10:54:15","date_gmt":"2016-09-02T15:54:15","guid":{"rendered":"https:\/\/radiowebmx.com\/nota\/?p=25640"},"modified":"2016-09-02T10:54:15","modified_gmt":"2016-09-02T15:54:15","slug":"contundente-respuesta-de-jovenes-morelianos-a-convocatoria-de-becas-del-colegio-de-morelia","status":"publish","type":"post","link":"https:\/\/radiowebmx.com\/nota\/contundente-respuesta-de-jovenes-morelianos-a-convocatoria-de-becas-del-colegio-de-morelia\/","title":{"rendered":"Contundente respuesta de j\u00f3venes morelianos a Convocatoria de Becas del Colegio de Morelia"},"content":{"rendered":"<p>Como excelente respuesta de los j\u00f3venes morelianos a la Convocatoria para el otorgamiento de becas del Colegio de Morelia, calific\u00f3 el Director General de esta dependencia paramunicipal, Alejandro Amante Urbina, al precisar que fueron cerca de 2 mil solicitudes presentadas al cierre del registro.<\/p>\n<p>Alejandro Amante, explic\u00f3 que como parte del cronograma de fases de la propia Convocatoria, una vez cerrada la etapa de inscripciones con 1,933 solicitudes, corresponde ahora a la Comisi\u00f3n Dictaminadora entrar al an\u00e1lisis del cumplimiento de requisitos de cada uno de los postulantes para cerciorarse de satisfacer las bases de participaci\u00f3n y poder integrar un listado de candidatos que pasan a la siguiente etapa de entrevistas.<\/p>\n<p>El Director del Colegio de Morelia, agreg\u00f3 que una vez realizada dicha actividad se presentar\u00e1 un dictamen al Consejo Directivo, a m\u00e1s tardar el 12 de septiembre para su autorizaci\u00f3n por parte de esa instancia que es el m\u00e1ximo \u00f3rgano de gobierno y el cual est\u00e1 integrado por seis rectores de universidades e instituciones educativas, adem\u00e1s de un regidor de cada fracci\u00f3n pol\u00edtica del Cabildo, as\u00ed como por el Presidente Municipal; Alfonso Mart\u00ednez Alc\u00e1zar, quien dirige el propio Consejo Directivo.<\/p>\n<p>Categ\u00f3rico, el Director General manifest\u00f3 que el compromiso del Alcalde, Alfonso Mart\u00ednez Alc\u00e1zar es de otorgar mil 200 becas a lo largo de este ciclo escolar 2016 \u2013 2017 para j\u00f3venes que por causas econ\u00f3micas est\u00e1n sin estudiar, por lo que la respuesta de la juventud del municipio es alentadora, pues en este inicio escolar ya se ha trabajado con instituciones educativas de gran prestigio y se est\u00e1n suscribiendo importantes convenios de colaboraci\u00f3n para el ingreso de aquellos j\u00f3venes que re\u00fanan los requisitos de la Convocatoria, lo cual garantiza que al menos 600 becas ser\u00e1n asignadas en este ciclo escolar durante el mes de septiembre y el resto para la segunda parte del a\u00f1o lectivo que iniciar\u00e1 entre enero y febrero de 2017, lo cual sienta bases s\u00f3lidas para incrementar el n\u00famero de becas en pr\u00f3ximos ciclos educativos.<\/p>\n<p>Finalmente, Amante Urbina agradeci\u00f3 a los j\u00f3venes su entusiasta participaci\u00f3n en este proceso integral de la Convocatoria y los invit\u00f3 a estar pendientes de los resultados oficiales el pr\u00f3ximo d\u00eda 12 de septiembre en la p\u00e1gina www.colegiodemorelia.gob.mx.<\/p>\n","protected":false},"excerpt":{"rendered":"<p>Alejandro Amante, explic\u00f3 que como parte del cronograma de fases de la propia Convocatoria, una vez cerrada la etapa de inscripciones con 1,933 solicitudes, corresponde ahora a la Comisi\u00f3n Dictaminadora entrar al an\u00e1lisis del cumplimiento de requisitos de cada uno de los postulantes para cerciorarse de satisfacer las bases de participaci\u00f3n y poder integrar un listado de candidatos que pasan a la siguiente etapa de entrevistas.<\/p>\n","protected":false},"author":1,"featured_media":25641,"comment_status":"open","ping_status":"open","sticky":false,"template":"","format":"standard","meta":{"footnotes":""},"categories":[14,9],"tags":[],"class_list":["post-25640","post","type-post","status-publish","format-standard","has-post-thumbnail","hentry","category-destacadas","category-morelia"],"_links":{"self":[{"href":"https:\/\/radiowebmx.com\/nota\/wp-json\/wp\/v2\/posts\/25640","targetHints":{"allow":["GET"]}}],"collection":[{"href":"https:\/\/radiowebmx.com\/nota\/wp-json\/wp\/v2\/posts"}],"about":[{"href":"https:\/\/radiowebmx.com\/nota\/wp-json\/wp\/v2\/types\/post"}],"author":[{"embeddable":true,"href":"https:\/\/radiowebmx.com\/nota\/wp-json\/wp\/v2\/users\/1"}],"replies":[{"embeddable":true,"href":"https:\/\/radiowebmx.com\/nota\/wp-json\/wp\/v2\/comments?post=25640"}],"version-history":[{"count":1,"href":"https:\/\/radiowebmx.com\/nota\/wp-json\/wp\/v2\/posts\/25640\/revisions"}],"predecessor-version":[{"id":25642,"href":"https:\/\/radiowebmx.com\/nota\/wp-json\/wp\/v2\/posts\/25640\/revisions\/25642"}],"wp:featuredmedia":[{"embeddable":true,"href":"https:\/\/radiowebmx.com\/nota\/wp-json\/wp\/v2\/media\/25641"}],"wp:attachment":[{"href":"https:\/\/radiowebmx.com\/nota\/wp-json\/wp\/v2\/media?parent=25640"}],"wp:term":[{"taxonomy":"category","embeddable":true,"href":"https:\/\/radiowebmx.com\/nota\/wp-json\/wp\/v2\/categories?post=25640"},{"taxonomy":"post_tag","embeddable":true,"href":"https:\/\/radiowebmx.com\/nota\/wp-json\/wp\/v2\/tags?post=25640"}],"curies":[{"name":"wp","href":"https:\/\/api.w.org\/{rel}","templated":true}]}}