{"id":25626,"date":"2016-09-01T11:43:10","date_gmt":"2016-09-01T16:43:10","guid":{"rendered":"https:\/\/radiowebmx.com\/nota\/?p=25626"},"modified":"2016-09-01T11:43:10","modified_gmt":"2016-09-01T16:43:10","slug":"alfonso-martinez-anuncia-que-no-habra-incremento-en-tarifas-del-agua-potable-para-el-2017","status":"publish","type":"post","link":"https:\/\/radiowebmx.com\/nota\/alfonso-martinez-anuncia-que-no-habra-incremento-en-tarifas-del-agua-potable-para-el-2017\/","title":{"rendered":"Alfonso Mart\u00ednez anuncia que no habr\u00e1 incremento en tarifas del agua potable para el 2017"},"content":{"rendered":"<p>En apoyo a la econom\u00eda de las familias morelianas, el Presidente Municipal, Alfonso Mart\u00ednez Alc\u00e1zar, anunci\u00f3 que por segundo a\u00f1o consecutivo su Gobierno no incrementar\u00e1 las tarifas de agua potable para el Ejercicio Fiscal 2017.<\/p>\n<p>En Sesi\u00f3n Extraordinaria de Cabildo celebrada este mi\u00e9rcoles, el Jefe de la Comuna Moreliana, hizo p\u00fablica dicha decisi\u00f3n, esto debido a que se mandar\u00e1 al Congreso del Estado el proyecto de la Iniciativa de la Ley de Ingresos del Municipio de Morelia correspondiente al Ejercicio Fiscal 2017, en donde no se incluye el incremento al vital l\u00edquido.<\/p>\n<p>Bajo este esquema, Alfonso Mart\u00ednez, dijo que el Ayuntamiento en coordinaci\u00f3n con el Organismo Operador de Agua Potable, Alcantarillado y Saneamiento (OOAPAS) buscar\u00e1n las alternativas para sanear el d\u00e9ficit en las finanzas de este organismo.<\/p>\n<p>\u201cNo es una decisi\u00f3n sencilla, ya que se va a requerir de un gran trabajo y esfuerzo en el que se los trabajadores del OOAPAS tendr\u00e1n un papel fundamental en aras de que juntos establezcamos estrategias en materia de contenci\u00f3n\u201d, asever\u00f3 el Alcalde capitalino quien agreg\u00f3 que en ocasiones resulta c\u00f3modo que cuando las cuentas no salen, se opte por incrementar el costo en el recibo del agua, sin embargo, sostuvo que el Gobierno Municipal no tiene contemplado un aumento en dicho servicio.<\/p>\n<p>Indic\u00f3 que en base en un estudio realizado a nivel nacional, la tarifa del agua que se mantiene en la capital del estado se encuentra un poco arriba del promedio de la media, es decir, no es de las m\u00e1s caras, pero tampoco es de las m\u00e1s baratas, sobre todo tomando en cuenta que el municipio no tiene deficiencias que afecten el suministro del agua potable.<\/p>\n<p>Cabe mencionar que este mi\u00e9rcoles 31 del mes en curso venc\u00eda la fecha para presentar la Ley de Ingresos del Municipio para el Ejercicio Fiscal 2017, sin embargo, dijo, se tiene un plazo para poder realizar los alcances necesarios para modificar el documento que ser\u00e1 analizado por el Poder Legislativo.<\/p>\n","protected":false},"excerpt":{"rendered":"<p>En Sesi\u00f3n Extraordinaria de Cabildo celebrada este mi\u00e9rcoles, el Jefe de la Comuna Moreliana, hizo p\u00fablica dicha decisi\u00f3n, esto debido a que se mandar\u00e1 al Congreso del Estado el proyecto de la Iniciativa de la Ley de Ingresos del Municipio de Morelia correspondiente al Ejercicio Fiscal 2017, en donde no se incluye el incremento al vital l\u00edquido.<\/p>\n","protected":false},"author":1,"featured_media":25627,"comment_status":"open","ping_status":"open","sticky":false,"template":"","format":"standard","meta":{"footnotes":""},"categories":[14,9],"tags":[],"class_list":["post-25626","post","type-post","status-publish","format-standard","has-post-thumbnail","hentry","category-destacadas","category-morelia"],"_links":{"self":[{"href":"https:\/\/radiowebmx.com\/nota\/wp-json\/wp\/v2\/posts\/25626","targetHints":{"allow":["GET"]}}],"collection":[{"href":"https:\/\/radiowebmx.com\/nota\/wp-json\/wp\/v2\/posts"}],"about":[{"href":"https:\/\/radiowebmx.com\/nota\/wp-json\/wp\/v2\/types\/post"}],"author":[{"embeddable":true,"href":"https:\/\/radiowebmx.com\/nota\/wp-json\/wp\/v2\/users\/1"}],"replies":[{"embeddable":true,"href":"https:\/\/radiowebmx.com\/nota\/wp-json\/wp\/v2\/comments?post=25626"}],"version-history":[{"count":1,"href":"https:\/\/radiowebmx.com\/nota\/wp-json\/wp\/v2\/posts\/25626\/revisions"}],"predecessor-version":[{"id":25628,"href":"https:\/\/radiowebmx.com\/nota\/wp-json\/wp\/v2\/posts\/25626\/revisions\/25628"}],"wp:featuredmedia":[{"embeddable":true,"href":"https:\/\/radiowebmx.com\/nota\/wp-json\/wp\/v2\/media\/25627"}],"wp:attachment":[{"href":"https:\/\/radiowebmx.com\/nota\/wp-json\/wp\/v2\/media?parent=25626"}],"wp:term":[{"taxonomy":"category","embeddable":true,"href":"https:\/\/radiowebmx.com\/nota\/wp-json\/wp\/v2\/categories?post=25626"},{"taxonomy":"post_tag","embeddable":true,"href":"https:\/\/radiowebmx.com\/nota\/wp-json\/wp\/v2\/tags?post=25626"}],"curies":[{"name":"wp","href":"https:\/\/api.w.org\/{rel}","templated":true}]}}