{"id":25623,"date":"2016-09-01T11:37:20","date_gmt":"2016-09-01T16:37:20","guid":{"rendered":"https:\/\/radiowebmx.com\/nota\/?p=25623"},"modified":"2016-09-01T11:37:20","modified_gmt":"2016-09-01T16:37:20","slug":"anuncia-dif-morelia-inicio-de-inscripciones-para-cursos-2016-2017-de-cecades","status":"publish","type":"post","link":"https:\/\/radiowebmx.com\/nota\/anuncia-dif-morelia-inicio-de-inscripciones-para-cursos-2016-2017-de-cecades\/","title":{"rendered":"Anuncia DIF Morelia inicio de inscripciones para cursos 2016 \u2013 2017 de CECADES"},"content":{"rendered":"<p>Con el objetivo de seguir fomentando la capacitaci\u00f3n y otorgar herramientas de autoempleo a los morelianos, el Ayuntamiento de Morelia, a trav\u00e9s del DIF Municipal, arrancar\u00e1 este pr\u00f3ximo lunes las inscripciones para el ciclo 2016 \u2013 2017 de los Centros de Capacitaci\u00f3n y Desarrollo (CECADES), inform\u00f3 la Directora de Programas de la dependencia, Eva Luisa Guzm\u00e1n Cueva.<\/p>\n<p>Lo anterior, en cumplimiento de los ejes de desarrollo social trazados por la actual Administraci\u00f3n encabezada por el Presidente Municipal, Alfonso Mart\u00ednez Alc\u00e1zar, donde se espera lograr una capacitaci\u00f3n para este a\u00f1o cercana a las 2 mil personas.<\/p>\n<p>\u201cLos cursos de los CECADES permiten acercar distintas capacitaciones a pr\u00e1cticamente todo el municipio, tanto al \u00e1rea rural como urbana, dando prioridad a las mujeres jefas de familia para que tengan m\u00e1s alternativas de autoempleo\u201d, explic\u00f3 la funcionaria.<\/p>\n<p>Para el ciclo 2016 \u2013 2017 se otorgaran los talleres de reposter\u00eda, cocina, cultora de belleza, deshilado, guitarra, teclado, coro, corte y confecci\u00f3n, manualidades y peluquer\u00eda; adem\u00e1s de algunos cursos adicionales como lo son karate, yoga, cosmetolog\u00eda y baile de sal\u00f3n.<\/p>\n<p>En ese tenor, Guzm\u00e1n Cueva puntualiz\u00f3 que para este ciclo se integran los cursos de coro, dise\u00f1o floral, mesas de dulces para eventos y se espera sumar el de carpinter\u00eda b\u00e1sica para ni\u00f1os u otros cursos que demande la propia comunidad, pero ello depende de las peticiones que se reciban.<\/p>\n<p>Este a\u00f1o operaran 55 CECADES; de los cuales 24 est\u00e1n en el \u00e1rea urbana y se encuentran ubicados en las colonias: 4 de marzo, Adolfo L\u00f3pez Mateos, Ampliaci\u00f3n del Porvenir, Ampliaci\u00f3n Eduardo Ru\u00edz, Felicitas del R\u00edo, F\u00e9lix Ireta, Los Pinos, Flores Mag\u00f3n, La Huerta, Hacienda la Trinidad, Indeco, Santiaguito, La Colina, Infonavit Cepamisa, Jardines de Guadalupe, Ni\u00f1o Artillero, La Soledad, colonia Obrera, Lomas de Guayangareo, Villas de la Loma, Morelos y Torre\u00f3n Nuevo.<\/p>\n<p>Otros tres CECADES se encuentran en dependencias propias del DIF Morelia: Estancia Diurna del Adulto Mayor (EDAM), en la colonia Las Canteras y en el Centro de Cultura de la Discapacidad (CCD) a un costado del Estadio Morelos y Departamento de Atenci\u00f3n a Menores en Riesgo (DAMAR) en la colonia Las Margaritas.<\/p>\n<p>Asimismo, se contar\u00e1 con 31 CECADES en el \u00e1rea rural, ubicados en las comunidades de Asiento de Piedro, Atapaneo, Capula, Cerrito Itzicuaro, Chiquimit\u00edo, Cointzio, Coro Grande, Cotzurio, Cuto de la Esperanza, El Escobal, El Porvenir, Emiliano Zapata, Jesus del Monte, La Alberca, La Carbonera, La Presa de Chiquimit\u00edo, Loma Caliente, Nieves, Refugio Santa Fe, Resumidero, San Isidro Itzicuaro, San Lorenzo Itzicuaro, San Pedro Chicacua, Santa Rosal\u00eda, Tarehuicho, Teremendo de los Reyes, Tirio, Tiristaran, Tzinzimacato Chico, Umecuaro y Zimpanio Norte.<\/p>\n<p>Finalmente, la Directora de Programas indic\u00f3 que para m\u00e1s informaci\u00f3n en torno a los cursos que otorgaran los CECADES este a\u00f1o, se puede llamar a los tel\u00e9fonos 3 15 27 11 y 1 13 40 02, o consultar la p\u00e1gina oficial de la dependencia: dif.morelia.com.mx.<\/p>\n","protected":false},"excerpt":{"rendered":"<p>Con el objetivo de seguir fomentando la capacitaci\u00f3n y otorgar herramientas de autoempleo a los morelianos, el Ayuntamiento de Morelia, a trav\u00e9s del DIF Municipal, arrancar\u00e1 este pr\u00f3ximo lunes las inscripciones para el ciclo 2016 \u2013 2017 de los Centros de Capacitaci\u00f3n y Desarrollo (CECADES), inform\u00f3 la Directora de Programas de la dependencia, Eva Luisa Guzm\u00e1n Cueva.<\/p>\n","protected":false},"author":1,"featured_media":25624,"comment_status":"open","ping_status":"open","sticky":false,"template":"","format":"standard","meta":{"footnotes":""},"categories":[14,9],"tags":[],"class_list":["post-25623","post","type-post","status-publish","format-standard","has-post-thumbnail","hentry","category-destacadas","category-morelia"],"_links":{"self":[{"href":"https:\/\/radiowebmx.com\/nota\/wp-json\/wp\/v2\/posts\/25623","targetHints":{"allow":["GET"]}}],"collection":[{"href":"https:\/\/radiowebmx.com\/nota\/wp-json\/wp\/v2\/posts"}],"about":[{"href":"https:\/\/radiowebmx.com\/nota\/wp-json\/wp\/v2\/types\/post"}],"author":[{"embeddable":true,"href":"https:\/\/radiowebmx.com\/nota\/wp-json\/wp\/v2\/users\/1"}],"replies":[{"embeddable":true,"href":"https:\/\/radiowebmx.com\/nota\/wp-json\/wp\/v2\/comments?post=25623"}],"version-history":[{"count":1,"href":"https:\/\/radiowebmx.com\/nota\/wp-json\/wp\/v2\/posts\/25623\/revisions"}],"predecessor-version":[{"id":25625,"href":"https:\/\/radiowebmx.com\/nota\/wp-json\/wp\/v2\/posts\/25623\/revisions\/25625"}],"wp:featuredmedia":[{"embeddable":true,"href":"https:\/\/radiowebmx.com\/nota\/wp-json\/wp\/v2\/media\/25624"}],"wp:attachment":[{"href":"https:\/\/radiowebmx.com\/nota\/wp-json\/wp\/v2\/media?parent=25623"}],"wp:term":[{"taxonomy":"category","embeddable":true,"href":"https:\/\/radiowebmx.com\/nota\/wp-json\/wp\/v2\/categories?post=25623"},{"taxonomy":"post_tag","embeddable":true,"href":"https:\/\/radiowebmx.com\/nota\/wp-json\/wp\/v2\/tags?post=25623"}],"curies":[{"name":"wp","href":"https:\/\/api.w.org\/{rel}","templated":true}]}}