{"id":25620,"date":"2016-09-01T11:32:56","date_gmt":"2016-09-01T16:32:56","guid":{"rendered":"https:\/\/radiowebmx.com\/nota\/?p=25620"},"modified":"2016-09-01T11:32:56","modified_gmt":"2016-09-01T16:32:56","slug":"preside-gobernador-ceremonia-de-izamiento-de-bandera-monumental","status":"publish","type":"post","link":"https:\/\/radiowebmx.com\/nota\/preside-gobernador-ceremonia-de-izamiento-de-bandera-monumental\/","title":{"rendered":"Preside Gobernador ceremonia de izamiento de Bandera Monumental"},"content":{"rendered":"<p>Morelia, Michoac\u00e1n, a 1 de septiembre de 2016.- El Gobernador Constitucional Silvano Aureoles Conejo, asisti\u00f3 a la ceremonia de izamiento de la Bandera Monumental en la Plaza H\u00e9roes de la Independencia en la capital michoacana.<\/p>\n<p>Acompa\u00f1ado de los integrantes de la Junta Patri\u00f3tica Independencia de M\u00e9xico y Jos\u00e9 Mar\u00eda Morelos y Pav\u00f3n 2016, as\u00ed como de autoridades de los tres \u00f3rdenes de Gobierno, el mandatario estatal iz\u00f3 el L\u00e1baro Patrio, actividad con la que dan inicio los festejos por el Mes Patrio.<\/p>\n<p>Posteriormente, las autoridades entonaron el Himno Nacional acompa\u00f1ado del 12\u00ba Batall\u00f3n de Infanter\u00eda de la 21 Zona Militar.<\/p>\n<p>Asistieron a esta ceremonia el secretario de Gobierno, Adri\u00e1n L\u00f3pez Sol\u00eds; el presidente municipal, Alfonso Mart\u00ednez Alc\u00e1zar; en representaci\u00f3n de la 21 Zona Militar, el comandante Josu\u00e9 Barr\u00f3n Sevilla; el rector de la UMSNH, Medardo Serna Gonz\u00e1lez, as\u00ed como integrantes del Gabinete Legal y Ampliado del Gobierno del Estado, del Ayuntamiento de Morelia, entre otras autoridades de los tres \u00f3rdenes de Gobierno.<\/p>\n","protected":false},"excerpt":{"rendered":"<p>Acompa\u00f1ado de los integrantes de la Junta Patri\u00f3tica Independencia de M\u00e9xico y Jos\u00e9 Mar\u00eda Morelos y Pav\u00f3n 2016, as\u00ed como de autoridades de los tres \u00f3rdenes de Gobierno, el mandatario estatal iz\u00f3 el L\u00e1baro Patrio, actividad con la que dan inicio los festejos por el Mes Patrio.<\/p>\n","protected":false},"author":1,"featured_media":25621,"comment_status":"open","ping_status":"open","sticky":false,"template":"","format":"standard","meta":{"footnotes":""},"categories":[14,3],"tags":[],"class_list":["post-25620","post","type-post","status-publish","format-standard","has-post-thumbnail","hentry","category-destacadas","category-gobierno-del-estado-de-michoacan"],"_links":{"self":[{"href":"https:\/\/radiowebmx.com\/nota\/wp-json\/wp\/v2\/posts\/25620","targetHints":{"allow":["GET"]}}],"collection":[{"href":"https:\/\/radiowebmx.com\/nota\/wp-json\/wp\/v2\/posts"}],"about":[{"href":"https:\/\/radiowebmx.com\/nota\/wp-json\/wp\/v2\/types\/post"}],"author":[{"embeddable":true,"href":"https:\/\/radiowebmx.com\/nota\/wp-json\/wp\/v2\/users\/1"}],"replies":[{"embeddable":true,"href":"https:\/\/radiowebmx.com\/nota\/wp-json\/wp\/v2\/comments?post=25620"}],"version-history":[{"count":1,"href":"https:\/\/radiowebmx.com\/nota\/wp-json\/wp\/v2\/posts\/25620\/revisions"}],"predecessor-version":[{"id":25622,"href":"https:\/\/radiowebmx.com\/nota\/wp-json\/wp\/v2\/posts\/25620\/revisions\/25622"}],"wp:featuredmedia":[{"embeddable":true,"href":"https:\/\/radiowebmx.com\/nota\/wp-json\/wp\/v2\/media\/25621"}],"wp:attachment":[{"href":"https:\/\/radiowebmx.com\/nota\/wp-json\/wp\/v2\/media?parent=25620"}],"wp:term":[{"taxonomy":"category","embeddable":true,"href":"https:\/\/radiowebmx.com\/nota\/wp-json\/wp\/v2\/categories?post=25620"},{"taxonomy":"post_tag","embeddable":true,"href":"https:\/\/radiowebmx.com\/nota\/wp-json\/wp\/v2\/tags?post=25620"}],"curies":[{"name":"wp","href":"https:\/\/api.w.org\/{rel}","templated":true}]}}