{"id":25606,"date":"2016-08-31T13:42:55","date_gmt":"2016-08-31T18:42:55","guid":{"rendered":"https:\/\/radiowebmx.com\/nota\/?p=25606"},"modified":"2016-08-31T13:42:55","modified_gmt":"2016-08-31T18:42:55","slug":"alfonso-martinez-suma-esfuerzos-con-ciudadania-y-empresarios-para-detonar-el-turismo-en-morelia","status":"publish","type":"post","link":"https:\/\/radiowebmx.com\/nota\/alfonso-martinez-suma-esfuerzos-con-ciudadania-y-empresarios-para-detonar-el-turismo-en-morelia\/","title":{"rendered":"Alfonso Mart\u00ednez suma esfuerzos con ciudadan\u00eda y empresarios para detonar el turismo en Morelia"},"content":{"rendered":"<p>Con miras a potenciar a\u00fan m\u00e1s el turismo en la capital michoacana y como parte de la pol\u00edtica de participaci\u00f3n ciudadana que rige al Gobierno Independiente encabezado por el Presidente Municipal, Alfonso Mart\u00ednez Alc\u00e1zar, este mi\u00e9rcoles qued\u00f3 conformado el Comit\u00e9 Ejecutivo, Empresarial y Ciudadano del Proyecto Integral de Turismo Morelia.<\/p>\n<p>Durante la Toma de Protesta de los integrantes de este organismo, el Alcalde ratific\u00f3 el inter\u00e9s de su Administraci\u00f3n por trabajar de la mano de la ciudadan\u00eda y en este caso en particular, del sector tur\u00edstico, \u201ccon este proyecto queremos que nos ayuden a tomar decisiones y construir junto con ustedes la estrategia, las metas y lo que queremos hacer de nuestra bella ciudad\u201d.<\/p>\n<p>Ante la presencia de la Secretaria de Turismo, Thelma Aquique Arrieta, y el Coordinador del Proyecto Integral de Turismo de Morelia, Juan Antonio Arellano, hizo hincapi\u00e9 en los resultados positivos que ha tenido Morelia en cuanto ocupaci\u00f3n hotelera, n\u00famero de visitantes y derrama econ\u00f3mica, los cuales han registrado un incremento s\u00f3lido este 2016 en comparaci\u00f3n con a\u00f1os anteriores.<\/p>\n<p>Sin embargo, a\u00f1adi\u00f3 el Presidente Municipal, con la integraci\u00f3n de este Comit\u00e9 conformado por funcionarios municipales, empresarios y la academia, el objetivo es \u201csacar un mayor provecho a esta hermosa ciudad\u201d, mediante la consolidaci\u00f3n de una estrategia integral, incluyente y efectiva que involucre a la industria tur\u00edstica y a la comunidad.<\/p>\n<p>\u201cNo queremos armar las acciones desde un escritorio, sino con quienes est\u00e1n dedicados a este sector, quienes est\u00e1n d\u00eda a d\u00eda en contacto con los visitantes, por ello, queremos abrirles todav\u00eda m\u00e1s el puente y que juntos determinemos las acciones a seguir, en una misma visi\u00f3n, con metas y pasos muy claros, lo que nos dar\u00e1 todav\u00eda m\u00e1s resultados y que el siguiente a\u00f1o podamos hablar de un incremento mayor con respecto a este a\u00f1o\u201d, profundiz\u00f3.<\/p>\n<p>Por su parte, al hacer la presentaci\u00f3n del Proyecto Integral de Turismo de Morelia, Juan Antonio Arellano detall\u00f3 que la intenci\u00f3n es que a trav\u00e9s de la metodolog\u00eda secuencial del ADN del Destino, se determinen y ejecuten acciones que beneficien a la industria tur\u00edstica en el municipio, al tiempo que con esta propuesta de valor se ofrezca a Morelia en el mercado nacional e internacional.<\/p>\n<p>Refiri\u00f3 que hasta el momento son cuatro los segmentos identificados y los cuales se pretenden potenciar: La Celebraci\u00f3n del Nacimiento, que corresponde a la temporada de febrero, marzo y abril; la Celebraci\u00f3n de Vida, que tiene que ver con el turismo de romance (correspondiente a los meses de mayo, junio, julio y agosto); la Celebraci\u00f3n de la Muerte, que compete a la temporada de septiembre a noviembre y agrupa la tradici\u00f3n de la noche de muertos; y la Celebraci\u00f3n de Resurrecci\u00f3n, en enero y febrero.<\/p>\n<p>Durante su intervenci\u00f3n, la Secretaria de Turismo, Thelma Aquique, enfatiz\u00f3 que el Comit\u00e9 no solo ya est\u00e1 conformado sino que adem\u00e1s ya se definieron las comisiones respectivas para dar seguimiento a cada uno de los pasos que contempla dicho modelo.<\/p>\n<p>Finalmente, resalt\u00f3 que dicha sinergia permitir\u00e1 detonar los factores de identidad clave del Destino como parte de la estrategia integral y que permita el crecimiento al aumentar el n\u00famero de visitantes, el gasto tur\u00edstico y los beneficios econ\u00f3micos de la ciudad.<\/p>\n","protected":false},"excerpt":{"rendered":"<p>Con miras a potenciar a\u00fan m\u00e1s el turismo en la capital michoacana y como parte de la pol\u00edtica de participaci\u00f3n ciudadana que rige al Gobierno Independiente encabezado por el Presidente Municipal, Alfonso Mart\u00ednez Alc\u00e1zar, este mi\u00e9rcoles qued\u00f3 conformado el Comit\u00e9 Ejecutivo, Empresarial y Ciudadano del Proyecto Integral de Turismo Morelia.<\/p>\n","protected":false},"author":1,"featured_media":25607,"comment_status":"open","ping_status":"open","sticky":false,"template":"","format":"standard","meta":{"footnotes":""},"categories":[14,9],"tags":[],"class_list":["post-25606","post","type-post","status-publish","format-standard","has-post-thumbnail","hentry","category-destacadas","category-morelia"],"_links":{"self":[{"href":"https:\/\/radiowebmx.com\/nota\/wp-json\/wp\/v2\/posts\/25606","targetHints":{"allow":["GET"]}}],"collection":[{"href":"https:\/\/radiowebmx.com\/nota\/wp-json\/wp\/v2\/posts"}],"about":[{"href":"https:\/\/radiowebmx.com\/nota\/wp-json\/wp\/v2\/types\/post"}],"author":[{"embeddable":true,"href":"https:\/\/radiowebmx.com\/nota\/wp-json\/wp\/v2\/users\/1"}],"replies":[{"embeddable":true,"href":"https:\/\/radiowebmx.com\/nota\/wp-json\/wp\/v2\/comments?post=25606"}],"version-history":[{"count":1,"href":"https:\/\/radiowebmx.com\/nota\/wp-json\/wp\/v2\/posts\/25606\/revisions"}],"predecessor-version":[{"id":25608,"href":"https:\/\/radiowebmx.com\/nota\/wp-json\/wp\/v2\/posts\/25606\/revisions\/25608"}],"wp:featuredmedia":[{"embeddable":true,"href":"https:\/\/radiowebmx.com\/nota\/wp-json\/wp\/v2\/media\/25607"}],"wp:attachment":[{"href":"https:\/\/radiowebmx.com\/nota\/wp-json\/wp\/v2\/media?parent=25606"}],"wp:term":[{"taxonomy":"category","embeddable":true,"href":"https:\/\/radiowebmx.com\/nota\/wp-json\/wp\/v2\/categories?post=25606"},{"taxonomy":"post_tag","embeddable":true,"href":"https:\/\/radiowebmx.com\/nota\/wp-json\/wp\/v2\/tags?post=25606"}],"curies":[{"name":"wp","href":"https:\/\/api.w.org\/{rel}","templated":true}]}}