{"id":25603,"date":"2016-08-31T13:08:10","date_gmt":"2016-08-31T18:08:10","guid":{"rendered":"https:\/\/radiowebmx.com\/nota\/?p=25603"},"modified":"2016-08-31T14:24:37","modified_gmt":"2016-08-31T19:24:37","slug":"autorizan-1-2-mdp-en-creditos-para-artesanas-y-artesanos-michoacanos","status":"publish","type":"post","link":"https:\/\/radiowebmx.com\/nota\/autorizan-1-2-mdp-en-creditos-para-artesanas-y-artesanos-michoacanos\/","title":{"rendered":"Autorizan 1.2 mdp en cr\u00e9ditos para artesanas y artesanos michoacanos"},"content":{"rendered":"<p>Morelia, Michoac\u00e1n, a 31 de agosto de 2016.- Para el Gobierno del Estado, que encabeza Silvano Aureoles Conejo, las y los artesanos son un sector fundamental para la econom\u00eda estatal y fieles representantes de la cultura y creatividad que caracteriza a Michoac\u00e1n.<\/p>\n<p>Por ello, a trav\u00e9s del Sistema Integral de Financiamiento para el Desarrollo Integral de Michoac\u00e1n (S\u00ed Financia), cuyo director general es Benjam\u00edn Hern\u00e1ndez Luna, se brinda apoyo econ\u00f3mico a este sector.<\/p>\n<p>Este mi\u00e9rcoles fueron autorizados un mill\u00f3n 213 mil 500 pesos en cr\u00e9ditos a artesanas y artesanos michoacanos, que van de los mil a los 10 mil pesos, con un plazo para pagar de hasta 12 meses, incluyendo dos de gracia.<\/p>\n<p>En la segunda sesi\u00f3n extraordinaria del Comit\u00e9 T\u00e9cnico del Fondo de Apoyo a la Actividad Artesanal (FAAAR), esquema que es operado por S\u00ed Financia, fueron autorizados 254 cr\u00e9ditos para respaldar a art\u00edfices que elaboran piezas de textiles, madera, cantera, entre otras.<\/p>\n<p>La derrama crediticia beneficiar\u00e1 a artesanas y artesanos de 48 municipios, entre los que destacan Paracho, Uruapan, Cher\u00e1n, Chilchota, Charapan, P\u00e1tzcuaro, Angangueo, Erongaricuaro, Zinap\u00e9cuaro, Indaparapeo, Zit\u00e1cuaro, entre otros.<\/p>\n<p>En este marco, Benjam\u00edn Hern\u00e1ndez destac\u00f3 la importancia de brindar apoyo a las y los artesanos michoacanos y felicit\u00f3 al personal operativo de S\u00ed Financia por los avances en el cumplimiento de las metas del FAAAR.<\/p>\n<p>La segunda sesi\u00f3n extraordinaria del Comit\u00e9 T\u00e9cnico del FAAAR, celebrada este mi\u00e9rcoles en las instalaciones de S\u00ed Financia, fue encabezada por su presidente, el director del Instituto del Artesano Michoacano (IAM), Marco Antonio Lagunas V\u00e1zquez, quien resalt\u00f3 el esfuerzo y compromiso de las y los art\u00edfices que adquieren con este tipo de cr\u00e9ditos para fortalecer su actividad.<\/p>\n","protected":false},"excerpt":{"rendered":"<p>Para el Gobierno del Estado, que encabeza Silvano Aureoles Conejo, las y los artesanos son un sector fundamental para la econom\u00eda estatal y fieles representantes de la cultura y creatividad que caracteriza a Michoac\u00e1n.<\/p>\n","protected":false},"author":1,"featured_media":25610,"comment_status":"open","ping_status":"open","sticky":false,"template":"","format":"standard","meta":{"footnotes":""},"categories":[3],"tags":[],"class_list":["post-25603","post","type-post","status-publish","format-standard","has-post-thumbnail","hentry","category-gobierno-del-estado-de-michoacan"],"_links":{"self":[{"href":"https:\/\/radiowebmx.com\/nota\/wp-json\/wp\/v2\/posts\/25603","targetHints":{"allow":["GET"]}}],"collection":[{"href":"https:\/\/radiowebmx.com\/nota\/wp-json\/wp\/v2\/posts"}],"about":[{"href":"https:\/\/radiowebmx.com\/nota\/wp-json\/wp\/v2\/types\/post"}],"author":[{"embeddable":true,"href":"https:\/\/radiowebmx.com\/nota\/wp-json\/wp\/v2\/users\/1"}],"replies":[{"embeddable":true,"href":"https:\/\/radiowebmx.com\/nota\/wp-json\/wp\/v2\/comments?post=25603"}],"version-history":[{"count":1,"href":"https:\/\/radiowebmx.com\/nota\/wp-json\/wp\/v2\/posts\/25603\/revisions"}],"predecessor-version":[{"id":25605,"href":"https:\/\/radiowebmx.com\/nota\/wp-json\/wp\/v2\/posts\/25603\/revisions\/25605"}],"wp:featuredmedia":[{"embeddable":true,"href":"https:\/\/radiowebmx.com\/nota\/wp-json\/wp\/v2\/media\/25610"}],"wp:attachment":[{"href":"https:\/\/radiowebmx.com\/nota\/wp-json\/wp\/v2\/media?parent=25603"}],"wp:term":[{"taxonomy":"category","embeddable":true,"href":"https:\/\/radiowebmx.com\/nota\/wp-json\/wp\/v2\/categories?post=25603"},{"taxonomy":"post_tag","embeddable":true,"href":"https:\/\/radiowebmx.com\/nota\/wp-json\/wp\/v2\/tags?post=25603"}],"curies":[{"name":"wp","href":"https:\/\/api.w.org\/{rel}","templated":true}]}}