{"id":25600,"date":"2016-08-31T12:00:49","date_gmt":"2016-08-31T17:00:49","guid":{"rendered":"https:\/\/radiowebmx.com\/nota\/?p=25600"},"modified":"2016-08-31T14:26:54","modified_gmt":"2016-08-31T19:26:54","slug":"extiende-cocotra-macro-operativo-a-todo-el-oriente","status":"publish","type":"post","link":"https:\/\/radiowebmx.com\/nota\/extiende-cocotra-macro-operativo-a-todo-el-oriente\/","title":{"rendered":"Extiende Cocotra macro operativo a todo el Oriente"},"content":{"rendered":"<p>Morelia, Michoac\u00e1n, a 31 de agosto de 2016.- Este martes, la Comisi\u00f3n Coordinadora del Transporte P\u00fablico de Michoac\u00e1n (Cocotra), remiti\u00f3 al dep\u00f3sito vehicular e infraccion\u00f3 a otros 39 veh\u00edculos que prestaban servicio de transporte p\u00fablico en la regi\u00f3n Oriente del estado sin la documentaci\u00f3n reglamentaria.<\/p>\n<p>Las unidades fueron detectadas y detenidas en Ciudad Hidalgo, Tuxpan, Jungapeo y Zit\u00e1cuaro, municipios en los que la Cocotra implement\u00f3 sendos operativos por segundo d\u00eda consecutivo contra el transporte irregular.<\/p>\n<p>De este modo, en tan s\u00f3lo dos d\u00edas de operativos en el Oriente, la Cocotra ha detenido y sancionado a 75 veh\u00edculos que prestaban el servicio p\u00fablico de manera irregular.<\/p>\n<p>Los responsables de los operativos detallaron que en las acciones de este martes se detectaron operadores sin licencia, unidades sin placas o sin seguro para el viajero, e incluso l\u00e1minas sobrepuestas.<\/p>\n<p>&#8220;Fue un excelente trabajo el que realiz\u00f3 la Direcci\u00f3n de Operaciones, lo que demuestra su capacidad profesional y su entrega personal&#8221;, reconoci\u00f3 Julieta Gallardo Mora, titular del organismo regulador.<\/p>\n<p>De los 75 veh\u00edculos sancionados los dos \u00faltimos d\u00edas, 51 se infraccionaron  en Zit\u00e1cuaro, 14 en Ciudad Hidalgo, siete en Tuxpan, dos en Jungapeo y uno en la carretera que conecta a Ciudad Hidalgo con Zinap\u00e9cuaro.<\/p>\n<p>&#8220;Las acciones de los dos \u00faltimos d\u00edas se basan en los resultados de los estudios t\u00e9cnicos que hemos venido realizando en rutas y ramales, y responden tambi\u00e9n a las solicitudes de los propios transportistas&#8221; de retirar el transporte irregular por ser una competencia desleal, se\u00f1al\u00f3 Gallardo Mora, y enfatiz\u00f3 que la reestructuraci\u00f3n del sector va a fondo.<\/p>\n","protected":false},"excerpt":{"rendered":"<p>Este martes, la Comisi\u00f3n Coordinadora del Transporte P\u00fablico de Michoac\u00e1n (Cocotra), remiti\u00f3 al dep\u00f3sito vehicular e infraccion\u00f3 a otros 39 veh\u00edculos que prestaban servicio de transporte p\u00fablico en la regi\u00f3n Oriente del estado sin la documentaci\u00f3n reglamentaria.<\/p>\n","protected":false},"author":1,"featured_media":25611,"comment_status":"open","ping_status":"open","sticky":false,"template":"","format":"standard","meta":{"footnotes":""},"categories":[14,3],"tags":[],"class_list":["post-25600","post","type-post","status-publish","format-standard","has-post-thumbnail","hentry","category-destacadas","category-gobierno-del-estado-de-michoacan"],"_links":{"self":[{"href":"https:\/\/radiowebmx.com\/nota\/wp-json\/wp\/v2\/posts\/25600","targetHints":{"allow":["GET"]}}],"collection":[{"href":"https:\/\/radiowebmx.com\/nota\/wp-json\/wp\/v2\/posts"}],"about":[{"href":"https:\/\/radiowebmx.com\/nota\/wp-json\/wp\/v2\/types\/post"}],"author":[{"embeddable":true,"href":"https:\/\/radiowebmx.com\/nota\/wp-json\/wp\/v2\/users\/1"}],"replies":[{"embeddable":true,"href":"https:\/\/radiowebmx.com\/nota\/wp-json\/wp\/v2\/comments?post=25600"}],"version-history":[{"count":1,"href":"https:\/\/radiowebmx.com\/nota\/wp-json\/wp\/v2\/posts\/25600\/revisions"}],"predecessor-version":[{"id":25602,"href":"https:\/\/radiowebmx.com\/nota\/wp-json\/wp\/v2\/posts\/25600\/revisions\/25602"}],"wp:featuredmedia":[{"embeddable":true,"href":"https:\/\/radiowebmx.com\/nota\/wp-json\/wp\/v2\/media\/25611"}],"wp:attachment":[{"href":"https:\/\/radiowebmx.com\/nota\/wp-json\/wp\/v2\/media?parent=25600"}],"wp:term":[{"taxonomy":"category","embeddable":true,"href":"https:\/\/radiowebmx.com\/nota\/wp-json\/wp\/v2\/categories?post=25600"},{"taxonomy":"post_tag","embeddable":true,"href":"https:\/\/radiowebmx.com\/nota\/wp-json\/wp\/v2\/tags?post=25600"}],"curies":[{"name":"wp","href":"https:\/\/api.w.org\/{rel}","templated":true}]}}