{"id":2560,"date":"2013-05-09T13:58:30","date_gmt":"2013-05-09T18:58:30","guid":{"rendered":"https:\/\/radiowebmx.com\/nota\/?p=2560"},"modified":"2013-05-09T13:58:30","modified_gmt":"2013-05-09T18:58:30","slug":"asiste-secretario-de-educacion-al-acto-realizado-en-palacio-clavijero%e2%80%8f","status":"publish","type":"post","link":"https:\/\/radiowebmx.com\/nota\/asiste-secretario-de-educacion-al-acto-realizado-en-palacio-clavijero%e2%80%8f\/","title":{"rendered":"Asiste secretario de Educaci\u00f3n al acto realizado en Palacio Clavijero\u200f"},"content":{"rendered":"<p>El secretario de Educaci\u00f3n de la entidad, J. Jes\u00fas Sierra Arias, acudi\u00f3 en representaci\u00f3n del gobernador del estado Jes\u00fas Reyna Garc\u00eda, al acto realizado en el Palacio Clavijero en el que se celebr\u00f3 el 260 Aniversario del Natalicio de Don Miguel Hidalgo y Costilla.<\/p>\n","protected":false},"excerpt":{"rendered":"<p>El secretario de Educaci\u00f3n de la entidad, J. Jes\u00fas Sierra Arias, acudi\u00f3 en representaci\u00f3n del gobernador del estado Jes\u00fas Reyna Garc\u00eda, al acto realizado en el Palacio Clavijero en el que se celebr\u00f3 el 260 Aniversario del Natalicio de Don Miguel Hidalgo y Costilla.<\/p>\n","protected":false},"author":1,"featured_media":0,"comment_status":"open","ping_status":"open","sticky":false,"template":"","format":"standard","meta":{"footnotes":""},"categories":[6],"tags":[],"class_list":["post-2560","post","type-post","status-publish","format-standard","hentry","category-congreso-del-estado"],"_links":{"self":[{"href":"https:\/\/radiowebmx.com\/nota\/wp-json\/wp\/v2\/posts\/2560","targetHints":{"allow":["GET"]}}],"collection":[{"href":"https:\/\/radiowebmx.com\/nota\/wp-json\/wp\/v2\/posts"}],"about":[{"href":"https:\/\/radiowebmx.com\/nota\/wp-json\/wp\/v2\/types\/post"}],"author":[{"embeddable":true,"href":"https:\/\/radiowebmx.com\/nota\/wp-json\/wp\/v2\/users\/1"}],"replies":[{"embeddable":true,"href":"https:\/\/radiowebmx.com\/nota\/wp-json\/wp\/v2\/comments?post=2560"}],"version-history":[{"count":2,"href":"https:\/\/radiowebmx.com\/nota\/wp-json\/wp\/v2\/posts\/2560\/revisions"}],"predecessor-version":[{"id":2562,"href":"https:\/\/radiowebmx.com\/nota\/wp-json\/wp\/v2\/posts\/2560\/revisions\/2562"}],"wp:attachment":[{"href":"https:\/\/radiowebmx.com\/nota\/wp-json\/wp\/v2\/media?parent=2560"}],"wp:term":[{"taxonomy":"category","embeddable":true,"href":"https:\/\/radiowebmx.com\/nota\/wp-json\/wp\/v2\/categories?post=2560"},{"taxonomy":"post_tag","embeddable":true,"href":"https:\/\/radiowebmx.com\/nota\/wp-json\/wp\/v2\/tags?post=2560"}],"curies":[{"name":"wp","href":"https:\/\/api.w.org\/{rel}","templated":true}]}}