{"id":25597,"date":"2016-08-31T11:39:37","date_gmt":"2016-08-31T16:39:37","guid":{"rendered":"https:\/\/radiowebmx.com\/nota\/?p=25597"},"modified":"2016-08-31T14:28:53","modified_gmt":"2016-08-31T19:28:53","slug":"garantiza-ayuntamiento-de-morelia-obras-incluyentes-para-personas-con-discapacidad","status":"publish","type":"post","link":"https:\/\/radiowebmx.com\/nota\/garantiza-ayuntamiento-de-morelia-obras-incluyentes-para-personas-con-discapacidad\/","title":{"rendered":"Garantiza Ayuntamiento de Morelia obras incluyentes para personas con discapacidad"},"content":{"rendered":"<p>Una de las tareas de la Comisi\u00f3n Especial de Grupos Vulnerables es solicitar, conocer y promover cada vez obras p\u00fablicas incluyentes en el municipio, en este sentido la coordinadora de esta \u00e1rea de Cabildo, la Regidora, Claudia Leticia L\u00e1zaro Medina recibi\u00f3 los pormenores de este equipamiento en la ciudad.<\/p>\n<p>Acompa\u00f1ada por los integrantes de esta Comisi\u00f3n, Jorge Luis Tinoco Ortiz, Alma Rosa Bahena Villalobos y Fernando Santiago Rodr\u00edguez Herrej\u00f3n, as\u00ed como el Jefe de Tr\u00e1nsito, Vialidad y Se\u00f1al\u00e9tica de la Direcci\u00f3n de Movilidad Urbana, Alfonso Arag\u00f3n Mej\u00eda, trascendi\u00f3 que estas acciones se ejecutan principalmente en las calles del Centro Hist\u00f3rico para dotarlas de nomenclaturas en sistema Braille y de huellas fotot\u00e1ctiles que permiten a las personas con discapacidad conocer los desniveles en las banquetas.<\/p>\n<p>L\u00e1zaro Medina, manifest\u00f3 que las obras que se ejecutan e incluso las ya realizadas, deben contener estos elementos que permitan la inclusi\u00f3n de todos los sectores vulnerables de la sociedad moreliana, con el prop\u00f3sito de dotarles de una mejor calidad de vida.<\/p>\n<p>Por su parte, la Regidora, Alma Bahena record\u00f3 que en esta Administraci\u00f3n Municipal encabezada por el Alcalde, Alfonso Mart\u00ednez Alc\u00e1zar se privilegiar\u00e1n las obras p\u00fablicas incluyentes, ya que es una de las instrucciones del Jefe de la Comuna Moreliana.<\/p>\n<p>Asimismo, Fernando Rodr\u00edguez se manifest\u00f3 por ampliar las estrategias en el trabajo realizado en el Cabildo para incluir como prioridad este tipo de edificaciones en beneficio de las personas con discapacidad, en la partida presupuestal del municipio.<\/p>\n<p>Incluso, el Regidor, Jorge Tinoco asegur\u00f3 que se buscar\u00e1n los esquemas de trabajo para que se puedan realizar estas mismas acciones en todo el Primer Cuadro de la ciudad y que la infraestructura del Centro Hist\u00f3rico de Morelia, sea privilegiada con obras p\u00fablicas incluyentes.<\/p>\n","protected":false},"excerpt":{"rendered":"<p>Una de las tareas de la Comisi\u00f3n Especial de Grupos Vulnerables es solicitar, conocer y promover cada vez obras p\u00fablicas incluyentes en el municipio, en este sentido la coordinadora de esta \u00e1rea de Cabildo, la Regidora, Claudia Leticia L\u00e1zaro Medina recibi\u00f3 los pormenores de este equipamiento en la ciudad.<\/p>\n","protected":false},"author":1,"featured_media":25612,"comment_status":"open","ping_status":"open","sticky":false,"template":"","format":"standard","meta":{"footnotes":""},"categories":[14,9],"tags":[],"class_list":["post-25597","post","type-post","status-publish","format-standard","has-post-thumbnail","hentry","category-destacadas","category-morelia"],"_links":{"self":[{"href":"https:\/\/radiowebmx.com\/nota\/wp-json\/wp\/v2\/posts\/25597","targetHints":{"allow":["GET"]}}],"collection":[{"href":"https:\/\/radiowebmx.com\/nota\/wp-json\/wp\/v2\/posts"}],"about":[{"href":"https:\/\/radiowebmx.com\/nota\/wp-json\/wp\/v2\/types\/post"}],"author":[{"embeddable":true,"href":"https:\/\/radiowebmx.com\/nota\/wp-json\/wp\/v2\/users\/1"}],"replies":[{"embeddable":true,"href":"https:\/\/radiowebmx.com\/nota\/wp-json\/wp\/v2\/comments?post=25597"}],"version-history":[{"count":1,"href":"https:\/\/radiowebmx.com\/nota\/wp-json\/wp\/v2\/posts\/25597\/revisions"}],"predecessor-version":[{"id":25599,"href":"https:\/\/radiowebmx.com\/nota\/wp-json\/wp\/v2\/posts\/25597\/revisions\/25599"}],"wp:featuredmedia":[{"embeddable":true,"href":"https:\/\/radiowebmx.com\/nota\/wp-json\/wp\/v2\/media\/25612"}],"wp:attachment":[{"href":"https:\/\/radiowebmx.com\/nota\/wp-json\/wp\/v2\/media?parent=25597"}],"wp:term":[{"taxonomy":"category","embeddable":true,"href":"https:\/\/radiowebmx.com\/nota\/wp-json\/wp\/v2\/categories?post=25597"},{"taxonomy":"post_tag","embeddable":true,"href":"https:\/\/radiowebmx.com\/nota\/wp-json\/wp\/v2\/tags?post=25597"}],"curies":[{"name":"wp","href":"https:\/\/api.w.org\/{rel}","templated":true}]}}