{"id":25594,"date":"2016-08-31T10:49:41","date_gmt":"2016-08-31T15:49:41","guid":{"rendered":"https:\/\/radiowebmx.com\/nota\/?p=25594"},"modified":"2016-08-31T14:31:26","modified_gmt":"2016-08-31T19:31:26","slug":"dif-morelia-apuesta-por-la-alfabetizacion-de-adultos-mayores","status":"publish","type":"post","link":"https:\/\/radiowebmx.com\/nota\/dif-morelia-apuesta-por-la-alfabetizacion-de-adultos-mayores\/","title":{"rendered":"DIF Morelia apuesta por la alfabetizaci\u00f3n de adultos mayores"},"content":{"rendered":"<p>En un trabajo de coordinaci\u00f3n interinstitucional, el DIF Morelia y el Instituto Nacional para la Educaci\u00f3n de los Adultos (INEA), arrancar\u00e1 en los pr\u00f3ximos d\u00edas con un programa de alfabetizaci\u00f3n para adultos mayores en la Estancia Diurna del Adulto Mayor (EDAM), as\u00ed lo inform\u00f3 la Directora de Centros de Asistencia Social, Carla Isamara Hern\u00e1ndez L\u00f3pez.<\/p>\n<p>\u201cPor instrucciones del Presidente Municipal, Alfonso Mart\u00ednez Alc\u00e1zar y de la Presidenta Honoraria del DIF Morelia, Paola Delgadillo de Mart\u00ednez, queremos que los servicios enfocados a adultos mayores que proporciona el municipio, sean integrales, y una herramienta fundamental para el desarrollo social es la alfabetizaci\u00f3n\u201d, mencion\u00f3.<\/p>\n<p>La funcionaria municipal, explic\u00f3 que a trav\u00e9s de este programa el objetivo es ense\u00f1ar a los adultos mayores a leer y a escribir para que posteriormente puedan acceder al programa de educaci\u00f3n intermedia, es decir, que obtengan su certificado de primaria.<\/p>\n<p>De esta forma, se proveen herramientas a los adultos mayores a favor de su desarrollo personal, enalteciendo en todo el momento la dignidad humana de este sector de nuestra sociedad.<\/p>\n<p>\u201cEn estos momentos estamos en proceso de conformar el primer grupo de adultos mayores dentro del EDAM, aunque no necesariamente deben ser usuarios de la Estancia\u201d, agreg\u00f3 que el programa tambi\u00e9n busca dar el beneficio a los trabajadores, es por ello, que dos miembros del personal del DIF Morelia tambi\u00e9n iniciaran ah\u00ed mismo un m\u00f3dulo para recibir su certificado de secundaria.<\/p>\n<p>El esquema de ense\u00f1anza consistir\u00e1 en dos d\u00edas de trabajo a la semana (de las 11:00 a las 12:00 horas), y a quienes asistan recibir\u00e1n el material did\u00e1ctico de manera totalmente gratuita.<\/p>\n<p>La encargada del grupo ser\u00e1 la profesora Brenda Cancino, quien se especializa en adultos mayores, a fin de que cada persona pueda ir avanzando de acuerdo a sus propias habilidades y necesidades.<\/p>\n<p>Para quienes no est\u00e1n alfabetizados, cada m\u00f3dulo tendr\u00e1 una duraci\u00f3n de dos meses y de acuerdo al avance se pueden reducir hasta un mes, lo cual les permitir\u00eda tener el certificado de primaria o secundaria en un a\u00f1o o incluso hasta en seis meses.<\/p>\n<p>Finaliz\u00f3, que si bien en el EDAM existe la demanda por parte de los usuarios por aprender a leer y escribir, en la mayor\u00eda de los casos se tienen bases s\u00f3lidas para comenzar a trabajar, por lo que se espera que en el mismo grupo puedan ser atendidas hasta 10 personas que presenten un avance similar en el primer m\u00f3dulo; mientras que en secundaria se va a atender a dos beneficiarios.<\/p>\n","protected":false},"excerpt":{"rendered":"<p>En un trabajo de coordinaci\u00f3n interinstitucional, el DIF Morelia y el INEA, arrancar\u00e1 en los pr\u00f3ximos d\u00edas con un programa de alfabetizaci\u00f3n para adultos mayores en la EDAM, as\u00ed lo inform\u00f3 la Directora de Centros de Asistencia Social, Carla Isamara Hern\u00e1ndez L\u00f3pez.<\/p>\n","protected":false},"author":1,"featured_media":25613,"comment_status":"open","ping_status":"open","sticky":false,"template":"","format":"standard","meta":{"footnotes":""},"categories":[14,9],"tags":[],"class_list":["post-25594","post","type-post","status-publish","format-standard","has-post-thumbnail","hentry","category-destacadas","category-morelia"],"_links":{"self":[{"href":"https:\/\/radiowebmx.com\/nota\/wp-json\/wp\/v2\/posts\/25594","targetHints":{"allow":["GET"]}}],"collection":[{"href":"https:\/\/radiowebmx.com\/nota\/wp-json\/wp\/v2\/posts"}],"about":[{"href":"https:\/\/radiowebmx.com\/nota\/wp-json\/wp\/v2\/types\/post"}],"author":[{"embeddable":true,"href":"https:\/\/radiowebmx.com\/nota\/wp-json\/wp\/v2\/users\/1"}],"replies":[{"embeddable":true,"href":"https:\/\/radiowebmx.com\/nota\/wp-json\/wp\/v2\/comments?post=25594"}],"version-history":[{"count":2,"href":"https:\/\/radiowebmx.com\/nota\/wp-json\/wp\/v2\/posts\/25594\/revisions"}],"predecessor-version":[{"id":25614,"href":"https:\/\/radiowebmx.com\/nota\/wp-json\/wp\/v2\/posts\/25594\/revisions\/25614"}],"wp:featuredmedia":[{"embeddable":true,"href":"https:\/\/radiowebmx.com\/nota\/wp-json\/wp\/v2\/media\/25613"}],"wp:attachment":[{"href":"https:\/\/radiowebmx.com\/nota\/wp-json\/wp\/v2\/media?parent=25594"}],"wp:term":[{"taxonomy":"category","embeddable":true,"href":"https:\/\/radiowebmx.com\/nota\/wp-json\/wp\/v2\/categories?post=25594"},{"taxonomy":"post_tag","embeddable":true,"href":"https:\/\/radiowebmx.com\/nota\/wp-json\/wp\/v2\/tags?post=25594"}],"curies":[{"name":"wp","href":"https:\/\/api.w.org\/{rel}","templated":true}]}}