{"id":25591,"date":"2016-08-31T10:46:08","date_gmt":"2016-08-31T15:46:08","guid":{"rendered":"https:\/\/radiowebmx.com\/nota\/?p=25591"},"modified":"2016-08-31T14:34:28","modified_gmt":"2016-08-31T19:34:28","slug":"este-miercoles-vence-el-plazo-para-becas-del-colegio-de-morelia-educacion-y-cultura-para-todos","status":"publish","type":"post","link":"https:\/\/radiowebmx.com\/nota\/este-miercoles-vence-el-plazo-para-becas-del-colegio-de-morelia-educacion-y-cultura-para-todos\/","title":{"rendered":"Este mi\u00e9rcoles vence el plazo para becas del Colegio de Morelia \u201cEducaci\u00f3n y Cultura para Todos\u201d"},"content":{"rendered":"<p>A casi dos semanas del lanzamiento de la convocatoria para becas del Colegio de Morelia \u201cEducaci\u00f3n y Cultura para Todos\u201d, este mi\u00e9rcoles vence el plazo para la recepci\u00f3n de solicitudes de los aspirantes a recibir este apoyo sin precedentes del Gobierno Municipal.<\/p>\n<p>El Director General del Colegio de Morelia, Alejandro Amante Urbina, se\u00f1al\u00f3 que uno de los compromisos de este Gobierno Independiente que encabeza el Alcalde, Alfonso Mart\u00ednez Alc\u00e1zar, es no dejar a los j\u00f3venes morelianos sin la posibilidad de estudiar y mejorar con ello sus condiciones de vida al proveerles una formaci\u00f3n que les permita ingresar m\u00e1s preparados al mundo laboral.<\/p>\n<p>Alejandro Amante, resalt\u00f3 que las becas beneficiar\u00e1n a j\u00f3venes morelianos, que como resultado de una condici\u00f3n de rezago social, no cuenten con los recursos suficientes para solventar el pago de su educaci\u00f3n, ello mediante la articulaci\u00f3n de esfuerzos entre los sectores p\u00fablico, social y privado para garantizar que tengan acceso a la educaci\u00f3n.<\/p>\n<p>Record\u00f3, que la convocatoria para becas \u201cColegio de Morelia, Educaci\u00f3n y Cultura para Todos\u201d estar\u00e1 abierta hasta el pr\u00f3ximo 31 de agosto hasta las 00:00 horas, periodo en el que se deber\u00e1n registrar los j\u00f3venes y subir la documentaci\u00f3n en formato electr\u00f3nico (PDF), en la p\u00e1gina web: www.colegiodemorelia.gob.mx y que los resultados se publicar\u00e1n el 12 de septiembre de 2016 en la misma p\u00e1gina oficial.<\/p>\n<p>Precis\u00f3, que despu\u00e9s de la publicaci\u00f3n de los resultados se confirmar\u00e1 a los seleccionados a trav\u00e9s de correo electr\u00f3nico o por v\u00eda telef\u00f3nica, el procedimiento que deber\u00e1n seguir para continuar con el proceso de otorgamiento del apoyo y firma de la carta compromiso y programa de actividades de cada instituci\u00f3n educativa.<\/p>\n<p>Alejandro Amante Urbina, se\u00f1al\u00f3 que en esta ocasi\u00f3n, para brindar la mayor atenci\u00f3n a grupos de j\u00f3venes en situaci\u00f3n de vulnerabilidad, previo estudio socioecon\u00f3mico, se otorgar\u00e1 tambi\u00e9n un apoyo para gastos escolares y se brindar\u00e1 a todos los j\u00f3venes que resulten beneficiados una plataforma de beneficios adicionales como respaldo psicol\u00f3gico, primer contacto m\u00e9dico y acceso a la biblioteca digital.<\/p>\n<p>Finalmente, hizo un exhorto a los j\u00f3venes que se encuentren en esta situaci\u00f3n, a informarse y participar en el esfuerzo del Gobierno Independiente de sentar las bases para hacer de Morelia la ciudad m\u00e1s educada de M\u00e9xico.<\/p>\n<p>Para mayor informaci\u00f3n sobre el Programa, los interesados pueden llamar al Tel\u00e9fono: 01 (443) 299 16 06 ext. 201 y 317, o visitar la p\u00e1gina web: www.colegiodemorelia.gob.mx.<\/p>\n","protected":false},"excerpt":{"rendered":"<p>A casi dos semanas del lanzamiento de la convocatoria para becas del Colegio de Morelia \u201cEducaci\u00f3n y Cultura para Todos\u201d, este mi\u00e9rcoles vence el plazo para la recepci\u00f3n de solicitudes de los aspirantes a recibir este apoyo sin precedentes del Gobierno Municipal.<\/p>\n","protected":false},"author":1,"featured_media":25615,"comment_status":"open","ping_status":"open","sticky":false,"template":"","format":"standard","meta":{"footnotes":""},"categories":[14,9],"tags":[],"class_list":["post-25591","post","type-post","status-publish","format-standard","has-post-thumbnail","hentry","category-destacadas","category-morelia"],"_links":{"self":[{"href":"https:\/\/radiowebmx.com\/nota\/wp-json\/wp\/v2\/posts\/25591","targetHints":{"allow":["GET"]}}],"collection":[{"href":"https:\/\/radiowebmx.com\/nota\/wp-json\/wp\/v2\/posts"}],"about":[{"href":"https:\/\/radiowebmx.com\/nota\/wp-json\/wp\/v2\/types\/post"}],"author":[{"embeddable":true,"href":"https:\/\/radiowebmx.com\/nota\/wp-json\/wp\/v2\/users\/1"}],"replies":[{"embeddable":true,"href":"https:\/\/radiowebmx.com\/nota\/wp-json\/wp\/v2\/comments?post=25591"}],"version-history":[{"count":1,"href":"https:\/\/radiowebmx.com\/nota\/wp-json\/wp\/v2\/posts\/25591\/revisions"}],"predecessor-version":[{"id":25593,"href":"https:\/\/radiowebmx.com\/nota\/wp-json\/wp\/v2\/posts\/25591\/revisions\/25593"}],"wp:featuredmedia":[{"embeddable":true,"href":"https:\/\/radiowebmx.com\/nota\/wp-json\/wp\/v2\/media\/25615"}],"wp:attachment":[{"href":"https:\/\/radiowebmx.com\/nota\/wp-json\/wp\/v2\/media?parent=25591"}],"wp:term":[{"taxonomy":"category","embeddable":true,"href":"https:\/\/radiowebmx.com\/nota\/wp-json\/wp\/v2\/categories?post=25591"},{"taxonomy":"post_tag","embeddable":true,"href":"https:\/\/radiowebmx.com\/nota\/wp-json\/wp\/v2\/tags?post=25591"}],"curies":[{"name":"wp","href":"https:\/\/api.w.org\/{rel}","templated":true}]}}