{"id":25584,"date":"2016-08-30T13:24:48","date_gmt":"2016-08-30T18:24:48","guid":{"rendered":"https:\/\/radiowebmx.com\/nota\/?p=25584"},"modified":"2016-08-31T14:36:48","modified_gmt":"2016-08-31T19:36:48","slug":"autoridades-realizan-recorrido-en-bando-solemne-para-la-fijacion-de-actividades-del-mes-patrio-en-morelia","status":"publish","type":"post","link":"https:\/\/radiowebmx.com\/nota\/autoridades-realizan-recorrido-en-bando-solemne-para-la-fijacion-de-actividades-del-mes-patrio-en-morelia\/","title":{"rendered":"Autoridades realizan Recorrido en Bando Solemne para la fijaci\u00f3n de actividades del mes patrio en Morelia"},"content":{"rendered":"<p>El Presidente Municipal de Morelia, Alfonso Mart\u00ednez Alc\u00e1zar y el Gobernador del Estado, Silvano Aureoles Conejo, encabezaron la ma\u00f1ana de este martes, el Recorrido en Bando Solemne para la fijaci\u00f3n de actividades de la Junta Patri\u00f3tica de Independencia de M\u00e9xico y Jos\u00e9 Mar\u00eda Morelos y Pav\u00f3n 2016, en el primer cuadro de la capital del estado.<\/p>\n<p>&nbsp;<\/p>\n<p>Acompa\u00f1ados del Secretario de Gobierno, Adri\u00e1n L\u00f3pez Sol\u00eds; el S\u00edndico Municipal, Fabio Sistos Rangel; el Secretario del Ayuntamiento, Jes\u00fas \u00c1valos Plata; as\u00ed como funcionarios de los tres \u00f3rdenes de gobierno, consejeros ciudadanos e integrantes de Cabildo; el Mandatario estatal y el Alcalde partieron de Palacio Municipal, lugar en el que se devel\u00f3 la primera placa conmemorativa con las acciones m\u00e1s representativas de las 146 actividades culturales, art\u00edsticas, c\u00edvicas y deportivas que comprenden dicho programa.<br \/>\nPosteriormente, se dirigieron al Antiguo Palacio de Justicia, donde tambi\u00e9n mostraron la cartelera mediante la cual se honrar\u00e1 el inicio de la Gesta Heroica de nuestra Independencia Nacional, as\u00ed como el aniversario del natalicio de Don Jos\u00e9 Mar\u00eda Morelos y Pav\u00f3n.<\/p>\n<p>&nbsp;<\/p>\n<p>Como es costumbre, los funcionarios hicieron adem\u00e1s la develaci\u00f3n del programa en la calle Valladolid esquina con Vasco de Quiroga, en Palacio Federal, Palacio Legislativo, Palacio de Gobierno, Portal Hidalgo y el Colegio de San Nicol\u00e1s de Hidalgo, de tal forma que la ciudadan\u00eda pueda conocer y consultar la gran variedad de actividades que se realizar\u00e1n en la capital michoacana durante el mes patrio.<\/p>\n<p>&nbsp;<\/p>\n<p>Finalmente, el recorrido culmin\u00f3 en Palacio Municipal, espacio en el que el Presidente, Alfonso Mart\u00ednez y los representantes gubernamentales rindieron honores a la bandera.<\/p>\n<p>&nbsp;<\/p>\n<p>Cabe resaltar que el mencionado programa es el resultado de la participaci\u00f3n incluyente, democr\u00e1tica y plural de todos los sectores de la sociedad, quienes a trav\u00e9s de la Junta Patri\u00f3tica colaboraron para la realizaci\u00f3n del mismo. Asimismo, la cartelera de los eventos y festejos patrios, podr\u00e1 ser consultada por la ciudadan\u00eda a trav\u00e9s de la p\u00e1gina <a href=\"http:\/\/gob.us11.list-manage.com\/track\/click?u=4006ac058ed166735585eb757&amp;id=54244491e7&amp;e=fbc79edfe0\" target=\"_blank\">www.morelia.gob.mx<\/a>.<\/p>\n<p>&nbsp;<\/p>\n<p>Para concluir, es importante destacar que en el recorrido en Bando Solemne tambi\u00e9n estuvieron presentes el Secretario de Seguridad P\u00fablica estatal, Jos\u00e9 Antonio Bernal Bustamante; el Procurador General de Justicia del Estado, Jos\u00e9 Mart\u00edn Godoy Castro; el General de Brigada Diplomado Estado Mayor, Jos\u00e9 Francisco Morales C\u00e1zares; Comandante de la 21 Zona Militar; el Rector de la Universidad Michoacana de San Nicol\u00e1s de Hidalgo, Medardo Serna Gonz\u00e1lez; as\u00ed como el Secretario T\u00e9cnico del Consejo Ciudadano, Erick Avil\u00e9s Mart\u00ednez.<\/p>\n","protected":false},"excerpt":{"rendered":"<p>El Presidente Municipal de Morelia, Alfonso Mart\u00ednez Alc\u00e1zar y el Gobernador del Estado, Silvano Aureoles Conejo, encabezaron la ma\u00f1ana de este martes, el Recorrido en Bando Solemne para la fijaci\u00f3n de actividades de la Junta Patri\u00f3tica de Independencia de M\u00e9xico y Jos\u00e9 Mar\u00eda Morelos y Pav\u00f3n 2016, en el primer cuadro de la capital del estado.<\/p>\n","protected":false},"author":1,"featured_media":25616,"comment_status":"open","ping_status":"open","sticky":false,"template":"","format":"standard","meta":{"footnotes":""},"categories":[14,3,9],"tags":[],"class_list":["post-25584","post","type-post","status-publish","format-standard","has-post-thumbnail","hentry","category-destacadas","category-gobierno-del-estado-de-michoacan","category-morelia"],"_links":{"self":[{"href":"https:\/\/radiowebmx.com\/nota\/wp-json\/wp\/v2\/posts\/25584","targetHints":{"allow":["GET"]}}],"collection":[{"href":"https:\/\/radiowebmx.com\/nota\/wp-json\/wp\/v2\/posts"}],"about":[{"href":"https:\/\/radiowebmx.com\/nota\/wp-json\/wp\/v2\/types\/post"}],"author":[{"embeddable":true,"href":"https:\/\/radiowebmx.com\/nota\/wp-json\/wp\/v2\/users\/1"}],"replies":[{"embeddable":true,"href":"https:\/\/radiowebmx.com\/nota\/wp-json\/wp\/v2\/comments?post=25584"}],"version-history":[{"count":1,"href":"https:\/\/radiowebmx.com\/nota\/wp-json\/wp\/v2\/posts\/25584\/revisions"}],"predecessor-version":[{"id":25586,"href":"https:\/\/radiowebmx.com\/nota\/wp-json\/wp\/v2\/posts\/25584\/revisions\/25586"}],"wp:featuredmedia":[{"embeddable":true,"href":"https:\/\/radiowebmx.com\/nota\/wp-json\/wp\/v2\/media\/25616"}],"wp:attachment":[{"href":"https:\/\/radiowebmx.com\/nota\/wp-json\/wp\/v2\/media?parent=25584"}],"wp:term":[{"taxonomy":"category","embeddable":true,"href":"https:\/\/radiowebmx.com\/nota\/wp-json\/wp\/v2\/categories?post=25584"},{"taxonomy":"post_tag","embeddable":true,"href":"https:\/\/radiowebmx.com\/nota\/wp-json\/wp\/v2\/tags?post=25584"}],"curies":[{"name":"wp","href":"https:\/\/api.w.org\/{rel}","templated":true}]}}