{"id":25581,"date":"2016-08-30T12:24:37","date_gmt":"2016-08-30T17:24:37","guid":{"rendered":"https:\/\/radiowebmx.com\/nota\/?p=25581"},"modified":"2016-08-31T14:43:15","modified_gmt":"2016-08-31T19:43:15","slug":"devolveremos-las-fiestas-patrias-con-alegria-y-tranquilidad-a-las-y-los-michoacanos-adrian-lopez","status":"publish","type":"post","link":"https:\/\/radiowebmx.com\/nota\/devolveremos-las-fiestas-patrias-con-alegria-y-tranquilidad-a-las-y-los-michoacanos-adrian-lopez\/","title":{"rendered":"Devolveremos las fiestas patrias con alegr\u00eda y tranquilidad a las y los michoacanos: Adri\u00e1n L\u00f3pez"},"content":{"rendered":"<p><strong>Morelia, Michoac\u00e1n, a 29 de agosto de 2016.-<\/strong> El Gobierno del Estado est\u00e1 listo para realizar las actividades correspondientes a las festividades y ceremonias c\u00edvicas del mes de septiembre.<\/p>\n<p>Por instrucciones del Gobernador Constitucional, Silvano Aureoles Conejo, las distintas dependencias de la administraci\u00f3n estatal alistan las acciones a realizarse durante el pr\u00f3ximo mes, para darles a las y los michoacanos las fiestas que se merecen.<\/p>\n<p>Desde semanas atr\u00e1s la Secretar\u00eda de Gobierno, de manera conjunta con el Ayuntamiento de Morelia, ha desarrollado la agenda de actividades a realizarse con motivo del mes patrio.<\/p>\n<p>Este lunes el secretario de Gobierno, Adri\u00e1n L\u00f3pez Sol\u00eds, encabez\u00f3 una reuni\u00f3n con los funcionarios de la administraci\u00f3n estatal a fin de que cada dependencia coadyuve en cuanto a sus responsabilidades con la organizaci\u00f3n de los eventos.<\/p>\n<p>El encargado de la pol\u00edtica interna manifest\u00f3 que durante las pr\u00f3ximas fechas patrias se estar\u00e1n desarrollando diversas actividades c\u00edvicas, culturales, art\u00edsticas, deportivas y sociales, mismas en las que se promuevan los valores patrios y la convivencia arm\u00f3nica.<\/p>\n<p>\u201cTenemos que ir en cada uno de los eventos para darle un seguimiento puntual y que los morelianos y michoacanos puedan tener eventos de esparcimiento en un ambiente de armon\u00eda y convivencia social. Queremos devolverles estas fiestas al pueblo con orden y con tranquilidad\u201d, expres\u00f3.<\/p>\n<p>En la reuni\u00f3n participaron el titular de la Procuradur\u00eda General de Justicia del Estado, Jos\u00e9 Mart\u00edn Godoy; los secretarios de Seguridad P\u00fablica, J. Antonio Bernal; de Educaci\u00f3n, Silvia Figueroa; de Turismo, Liliana Buenrostro; y de Cultura, Salvador Ginori; la titular del Instituto de la Juventud Michoacana, Giulianna Bugarini; el secretario particular del Gobernador, Marco Aurelio Nava; la directora de la Comisi\u00f3n Estatal de Cultura F\u00edsica y Deporte, Edna D\u00edaz; la coordinadora de Comunicaci\u00f3n Social, Julieta L\u00f3pez; y la directora del Sistema Michoacano de Radio y Televisi\u00f3n, Gabriela Molina; entre otros integrantes del gabinete legal y ampliado.<\/p>\n","protected":false},"excerpt":{"rendered":"<p>El Gobierno del Estado est\u00e1 listo para realizar las actividades correspondientes a las festividades y ceremonias c\u00edvicas del mes de septiembre. Por instrucciones del Gobernador, SAC, las distintas dependencias de la administraci\u00f3n estatal alistan las acciones a realizarse durante el pr\u00f3ximo mes, para darles a las y los michoacanos las fiestas que se merecen.<\/p>\n","protected":false},"author":1,"featured_media":25618,"comment_status":"open","ping_status":"open","sticky":false,"template":"","format":"standard","meta":{"footnotes":""},"categories":[3],"tags":[],"class_list":["post-25581","post","type-post","status-publish","format-standard","has-post-thumbnail","hentry","category-gobierno-del-estado-de-michoacan"],"_links":{"self":[{"href":"https:\/\/radiowebmx.com\/nota\/wp-json\/wp\/v2\/posts\/25581","targetHints":{"allow":["GET"]}}],"collection":[{"href":"https:\/\/radiowebmx.com\/nota\/wp-json\/wp\/v2\/posts"}],"about":[{"href":"https:\/\/radiowebmx.com\/nota\/wp-json\/wp\/v2\/types\/post"}],"author":[{"embeddable":true,"href":"https:\/\/radiowebmx.com\/nota\/wp-json\/wp\/v2\/users\/1"}],"replies":[{"embeddable":true,"href":"https:\/\/radiowebmx.com\/nota\/wp-json\/wp\/v2\/comments?post=25581"}],"version-history":[{"count":1,"href":"https:\/\/radiowebmx.com\/nota\/wp-json\/wp\/v2\/posts\/25581\/revisions"}],"predecessor-version":[{"id":25583,"href":"https:\/\/radiowebmx.com\/nota\/wp-json\/wp\/v2\/posts\/25581\/revisions\/25583"}],"wp:featuredmedia":[{"embeddable":true,"href":"https:\/\/radiowebmx.com\/nota\/wp-json\/wp\/v2\/media\/25618"}],"wp:attachment":[{"href":"https:\/\/radiowebmx.com\/nota\/wp-json\/wp\/v2\/media?parent=25581"}],"wp:term":[{"taxonomy":"category","embeddable":true,"href":"https:\/\/radiowebmx.com\/nota\/wp-json\/wp\/v2\/categories?post=25581"},{"taxonomy":"post_tag","embeddable":true,"href":"https:\/\/radiowebmx.com\/nota\/wp-json\/wp\/v2\/tags?post=25581"}],"curies":[{"name":"wp","href":"https:\/\/api.w.org\/{rel}","templated":true}]}}