{"id":25573,"date":"2016-08-30T11:43:31","date_gmt":"2016-08-30T16:43:31","guid":{"rendered":"https:\/\/radiowebmx.com\/nota\/?p=25573"},"modified":"2016-08-30T11:43:31","modified_gmt":"2016-08-30T16:43:31","slug":"alfonso-martinez-redobla-trabajos-de-balizamiento-en-morelia","status":"publish","type":"post","link":"https:\/\/radiowebmx.com\/nota\/alfonso-martinez-redobla-trabajos-de-balizamiento-en-morelia\/","title":{"rendered":"Alfonso Mart\u00ednez redobla trabajos de balizamiento en Morelia"},"content":{"rendered":"<p>Como parte de las acciones que emprende el Ayuntamiento para consolidar una Morelia con vialidades seguras y mejor movilidad vial, la Secretar\u00eda de Servicios P\u00fablicos, contin\u00faa con los trabajos de balizamiento en diversos puntos de la capital michoacana.<\/p>\n<p>Lo anterior lo se\u00f1al\u00f3 el titular de esta dependencia, Jos\u00e9 Luis Gil V\u00e1zquez, quien a\u00f1adi\u00f3 que siguiendo la encomienda del Presidente Municipal, Alfonso Mart\u00ednez Alc\u00e1zar, de mejorar y embellecer las calles de la ciudad, la dependencia redoblar\u00e1 esfuerzos esta semana para cumplir con dicho objetivo.<\/p>\n<p>Inform\u00f3 que a trav\u00e9s de la Direcci\u00f3n de Imagen Urbana, durante estos d\u00edas las brigadas de balizamiento se situar\u00e1n las avenidas Poliducto y Quinceo de la colonia Lago II, esto, luego de culminar los trabajos en la Av. Madero, que abarcaron desde la fuente de Las Tarascas hasta la Av. Nocup\u00e9taro.<\/p>\n<p>Asimismo, el funcionario municipal record\u00f3 que dichas acciones tambi\u00e9n se llevaron a cabo en la calle Bucareli, desde la calle Lacas de Uruapan al Perif\u00e9rico Paseo de la Rep\u00fablica.<\/p>\n<p>\u201cEstamos tratando de cubrir las vialidades m\u00e1s transitadas del municipio, tanto en el Primer Cuadro de la ciudad, como en las inmediaciones y la periferia, de tal manera que el trabajo de balizamiento sea integral\u201d, especific\u00f3.<\/p>\n<p>Por su parte, el Director de Imagen Urbana, Jos\u00e9 Antonio Mej\u00eda Villase\u00f1or, indic\u00f3 que contin\u00faa con la misma mec\u00e1nica de permitir el flujo vial de manera parcial, para no entorpecer las actividades cotidianas; en tanto reiter\u00f3 que mediante las redes sociales se seguir\u00e1 dando aviso a la poblaci\u00f3n de las calles donde se ejecutar\u00e1 esta actividad para que la poblaci\u00f3n tome las debidas precauciones.<\/p>\n<p>Detall\u00f3 adem\u00e1s que este programa consiste en balizar los pasos peatonales, las l\u00edneas contin\u00faas, discontinuas, l\u00edneas de frenado y flechas de sentido.<\/p>\n<p>Con obras como estas, el Gobierno Independiente que encabeza el Presidente, Alfonso Mart\u00ednez, reafirma su compromiso de brindar vialidades seguras a la ciudadan\u00eda, donde peatones y automovilistas convivan en armon\u00eda.<\/p>\n","protected":false},"excerpt":{"rendered":"<p>Como parte de las acciones que emprende el Ayuntamiento para consolidar una Morelia con vialidades seguras y mejor movilidad vial, la Secretar\u00eda de Servicios P\u00fablicos, contin\u00faa con los trabajos de balizamiento en diversos puntos de la capital michoacana.<\/p>\n","protected":false},"author":1,"featured_media":0,"comment_status":"open","ping_status":"open","sticky":false,"template":"","format":"standard","meta":{"footnotes":""},"categories":[14,9],"tags":[],"class_list":["post-25573","post","type-post","status-publish","format-standard","hentry","category-destacadas","category-morelia"],"_links":{"self":[{"href":"https:\/\/radiowebmx.com\/nota\/wp-json\/wp\/v2\/posts\/25573","targetHints":{"allow":["GET"]}}],"collection":[{"href":"https:\/\/radiowebmx.com\/nota\/wp-json\/wp\/v2\/posts"}],"about":[{"href":"https:\/\/radiowebmx.com\/nota\/wp-json\/wp\/v2\/types\/post"}],"author":[{"embeddable":true,"href":"https:\/\/radiowebmx.com\/nota\/wp-json\/wp\/v2\/users\/1"}],"replies":[{"embeddable":true,"href":"https:\/\/radiowebmx.com\/nota\/wp-json\/wp\/v2\/comments?post=25573"}],"version-history":[{"count":1,"href":"https:\/\/radiowebmx.com\/nota\/wp-json\/wp\/v2\/posts\/25573\/revisions"}],"predecessor-version":[{"id":25575,"href":"https:\/\/radiowebmx.com\/nota\/wp-json\/wp\/v2\/posts\/25573\/revisions\/25575"}],"wp:attachment":[{"href":"https:\/\/radiowebmx.com\/nota\/wp-json\/wp\/v2\/media?parent=25573"}],"wp:term":[{"taxonomy":"category","embeddable":true,"href":"https:\/\/radiowebmx.com\/nota\/wp-json\/wp\/v2\/categories?post=25573"},{"taxonomy":"post_tag","embeddable":true,"href":"https:\/\/radiowebmx.com\/nota\/wp-json\/wp\/v2\/tags?post=25573"}],"curies":[{"name":"wp","href":"https:\/\/api.w.org\/{rel}","templated":true}]}}