{"id":25567,"date":"2016-08-29T10:45:00","date_gmt":"2016-08-29T15:45:00","guid":{"rendered":"https:\/\/radiowebmx.com\/nota\/?p=25567"},"modified":"2016-08-29T10:45:00","modified_gmt":"2016-08-29T15:45:00","slug":"morelia-lista-para-celebrar-a-lo-grande-las-fiestas-patrias-alfonso-martinez","status":"publish","type":"post","link":"https:\/\/radiowebmx.com\/nota\/morelia-lista-para-celebrar-a-lo-grande-las-fiestas-patrias-alfonso-martinez\/","title":{"rendered":"Morelia, lista para celebrar a lo grande las Fiestas Patrias: Alfonso Mart\u00ednez"},"content":{"rendered":"<p>Morelia, cuna Ideol\u00f3gica de la Independencia de M\u00e9xico, ya se encuentra lista para celebrar las Fiestas Patrias durante todo el pr\u00f3ximo mes de septiembre, fecha en la que se tiene contemplada que las familias morelianas y turistas, disfruten de un vasto programa en el que convergen alrededor de 140\u00a0actividades en medio de un ambiente de paz y sana convivencia.<\/p>\n<p>Lo anterior fue subrayado por el Presidente Municipal, Alfonso Mart\u00ednez Alc\u00e1zar, quien enfatiz\u00f3 que de manera coordinada con los diferentes \u00f3rdenes de Gobierno, se trabaja para garantizar el desarrollo de unas fiestas seguras, en donde prevalezca la convivencia familiar.<\/p>\n<p>\u201cHoy en d\u00eda, la situaci\u00f3n de Morelia proyecta una mejor imagen hacia el exterior, producto de que las cosas van avanzando en la ciudad, muestra de ello, es que este a\u00f1o superamos las expectativas tur\u00edsticas, por lo que estamos seguros que los festejos patrios ser\u00e1n emblem\u00e1ticos este 2016\u201d, afirm\u00f3.<\/p>\n<p>El Jefe de la Comuna Moreliana, reiter\u00f3 adem\u00e1s que las condiciones en la capital de Michoac\u00e1n est\u00e1n dadas para que la ciudadan\u00eda sea parte de la variedad de actividades contempladas para honrar y festejar un nuevo aniversario del inicio de la Gesta heroica independentista, as\u00ed como del natalicio del General\u00edsimo Jos\u00e9 Mar\u00eda Morelos y Pav\u00f3n.<\/p>\n<p>Puntualiz\u00f3 que en estrecha coordinaci\u00f3n con las autoridades federales y estatales, como cada a\u00f1o, se efectuar\u00e1 un operativo especial para resguardar la integridad de morelianos y visitantes, de tal forma que la ciudadan\u00eda tenga la certeza de que las fiestas septembrinas se llevar\u00e1n a cabo en un contexto de tranquilidad.<\/p>\n<p>Asimismo, el Presidente Municipal destac\u00f3 que resultado de la integraci\u00f3n de iniciativas de los tres \u00f3rdenes de Gobierno, acad\u00e9micos, representantes de las c\u00e1maras empresariales, as\u00ed como de la sociedad civil organizada, Morelia cuenta ya con un nutrido y atractivo programa cultural, c\u00edvico y deportivo, que permitir\u00e1 reforzar el patriotismo y el sentido de identidad de los ciudadanos.<\/p>\n<p>De igual forma adelant\u00f3 que a dichas actividades, se sumar\u00e1 el magno festejo que el Gobierno Municipal tiene preparado para conmemorar el 188 Aniversario del cambio de nombre de Valladolid a Morelia, a celebrarse el 12 de septiembre.<\/p>\n<p>\u201cEste a\u00f1o, en la Ciudad de la Cantera Rosa tendremos m\u00e1s fiesta, m\u00e1s tradiciones y m\u00e1s actividades que nos permitir\u00e1 honrar y preservar nuestra historia, en un marco de tranquilidad y sano esparcimiento\u201d, resalt\u00f3 Alfonso Mart\u00ednez Alc\u00e1zar.<\/p>\n","protected":false},"excerpt":{"rendered":"<p>Morelia, cuna Ideol\u00f3gica de la Independencia de M\u00e9xico, ya se encuentra lista para celebrar las Fiestas Patrias durante todo el pr\u00f3ximo mes de septiembre, fecha en la que se tiene contemplada que las familias morelianas y turistas, disfruten de un vasto programa en el que convergen alrededor de 140 actividades en medio de un ambiente de paz y sana convivencia.<\/p>\n","protected":false},"author":1,"featured_media":25568,"comment_status":"open","ping_status":"open","sticky":false,"template":"","format":"standard","meta":{"footnotes":""},"categories":[14,9],"tags":[],"class_list":["post-25567","post","type-post","status-publish","format-standard","has-post-thumbnail","hentry","category-destacadas","category-morelia"],"_links":{"self":[{"href":"https:\/\/radiowebmx.com\/nota\/wp-json\/wp\/v2\/posts\/25567","targetHints":{"allow":["GET"]}}],"collection":[{"href":"https:\/\/radiowebmx.com\/nota\/wp-json\/wp\/v2\/posts"}],"about":[{"href":"https:\/\/radiowebmx.com\/nota\/wp-json\/wp\/v2\/types\/post"}],"author":[{"embeddable":true,"href":"https:\/\/radiowebmx.com\/nota\/wp-json\/wp\/v2\/users\/1"}],"replies":[{"embeddable":true,"href":"https:\/\/radiowebmx.com\/nota\/wp-json\/wp\/v2\/comments?post=25567"}],"version-history":[{"count":1,"href":"https:\/\/radiowebmx.com\/nota\/wp-json\/wp\/v2\/posts\/25567\/revisions"}],"predecessor-version":[{"id":25569,"href":"https:\/\/radiowebmx.com\/nota\/wp-json\/wp\/v2\/posts\/25567\/revisions\/25569"}],"wp:featuredmedia":[{"embeddable":true,"href":"https:\/\/radiowebmx.com\/nota\/wp-json\/wp\/v2\/media\/25568"}],"wp:attachment":[{"href":"https:\/\/radiowebmx.com\/nota\/wp-json\/wp\/v2\/media?parent=25567"}],"wp:term":[{"taxonomy":"category","embeddable":true,"href":"https:\/\/radiowebmx.com\/nota\/wp-json\/wp\/v2\/categories?post=25567"},{"taxonomy":"post_tag","embeddable":true,"href":"https:\/\/radiowebmx.com\/nota\/wp-json\/wp\/v2\/tags?post=25567"}],"curies":[{"name":"wp","href":"https:\/\/api.w.org\/{rel}","templated":true}]}}