{"id":25558,"date":"2016-08-29T09:44:37","date_gmt":"2016-08-29T14:44:37","guid":{"rendered":"https:\/\/radiowebmx.com\/nota\/?p=25558"},"modified":"2016-08-29T09:44:37","modified_gmt":"2016-08-29T14:44:37","slug":"logra-gobierno-de-michoacan-liberacion-de-vehiculos-retenidos","status":"publish","type":"post","link":"https:\/\/radiowebmx.com\/nota\/logra-gobierno-de-michoacan-liberacion-de-vehiculos-retenidos\/","title":{"rendered":"Logra Gobierno de Michoac\u00e1n liberaci\u00f3n de veh\u00edculos retenidos"},"content":{"rendered":"<p>A trav\u00e9s del di\u00e1logo y los consensos, este d\u00eda el Gobierno del Estado logr\u00f3 la liberaci\u00f3n de unidades retenidas por un grupo de estudiantes normalistas, con lo que se avanza en la ruta de buscar acuerdos que resuelvan los pendientes en cuanto a sus exigencias.<\/p>\n<p>Por instrucci\u00f3n del Gobernador Constitucional, Silvano Aureoles Conejo, desde d\u00edas anteriores la Secretar\u00eda de Gobierno, que encabeza el secretario, Adri\u00e1n L\u00f3pez Sol\u00eds, ha tenido comunicaci\u00f3n permanente tanto con estudiantes como con comuneros a fin de poder lograr la liberaci\u00f3n de los veh\u00edculos retenidos.<\/p>\n<p>Fue por conducto del secretario, Adri\u00e1n L\u00f3pez; el subsecretario de Gobernaci\u00f3n, Armando Hurtado Ar\u00e9valo; el director de Gobernaci\u00f3n, Daniel Rangel Pi\u00f1\u00f3n, y el subsecretario de Seguridad, Carlos G\u00f3mez Arrieta, quienes priorizando el di\u00e1logo, han sido puente de comunicaci\u00f3n con los manifestantes, y en respuesta a ello, se logr\u00f3 la liberaci\u00f3n de las unidades que manten\u00edan retenidas en las comunidades de Carapan y Arantepakua, en los municipios de Chilchota y Nahuatzen, respectivamente.<\/p>\n<p>La liberaci\u00f3n de las unidades ha sido paulatina durante este s\u00e1bado, incluso algunas de las mismas regresan a sus respectivas empresas durante la presente noche, por lo que se prev\u00e9 se pueda continuar por la ruta del di\u00e1logo y los consensos la relaci\u00f3n con los estudiantes.<\/p>\n<p>El Gobierno del Estado reitera su llamado a respetar el Estado de Derecho, priorizar el di\u00e1logo directo y sobre todo, hacer hincapi\u00e9 en buscar la tranquilidad tanto para los habitantes de la entidad y con ello dar certidumbre en las actividades que realizan los automovilistas y transportistas respecto a las condiciones en las que brindan sus servicios.<\/p>\n","protected":false},"excerpt":{"rendered":"<p>A trav\u00e9s del di\u00e1logo y los consensos, este d\u00eda el Gobierno del Estado logr\u00f3 la liberaci\u00f3n de unidades retenidas por un grupo de estudiantes normalistas, con lo que se avanza en la ruta de buscar acuerdos que resuelvan los pendientes en cuanto a sus exigencias.<\/p>\n","protected":false},"author":1,"featured_media":0,"comment_status":"open","ping_status":"open","sticky":false,"template":"","format":"standard","meta":{"footnotes":""},"categories":[14,3],"tags":[],"class_list":["post-25558","post","type-post","status-publish","format-standard","hentry","category-destacadas","category-gobierno-del-estado-de-michoacan"],"_links":{"self":[{"href":"https:\/\/radiowebmx.com\/nota\/wp-json\/wp\/v2\/posts\/25558","targetHints":{"allow":["GET"]}}],"collection":[{"href":"https:\/\/radiowebmx.com\/nota\/wp-json\/wp\/v2\/posts"}],"about":[{"href":"https:\/\/radiowebmx.com\/nota\/wp-json\/wp\/v2\/types\/post"}],"author":[{"embeddable":true,"href":"https:\/\/radiowebmx.com\/nota\/wp-json\/wp\/v2\/users\/1"}],"replies":[{"embeddable":true,"href":"https:\/\/radiowebmx.com\/nota\/wp-json\/wp\/v2\/comments?post=25558"}],"version-history":[{"count":1,"href":"https:\/\/radiowebmx.com\/nota\/wp-json\/wp\/v2\/posts\/25558\/revisions"}],"predecessor-version":[{"id":25560,"href":"https:\/\/radiowebmx.com\/nota\/wp-json\/wp\/v2\/posts\/25558\/revisions\/25560"}],"wp:attachment":[{"href":"https:\/\/radiowebmx.com\/nota\/wp-json\/wp\/v2\/media?parent=25558"}],"wp:term":[{"taxonomy":"category","embeddable":true,"href":"https:\/\/radiowebmx.com\/nota\/wp-json\/wp\/v2\/categories?post=25558"},{"taxonomy":"post_tag","embeddable":true,"href":"https:\/\/radiowebmx.com\/nota\/wp-json\/wp\/v2\/tags?post=25558"}],"curies":[{"name":"wp","href":"https:\/\/api.w.org\/{rel}","templated":true}]}}