{"id":25554,"date":"2016-08-26T12:33:34","date_gmt":"2016-08-26T17:33:34","guid":{"rendered":"https:\/\/radiowebmx.com\/nota\/?p=25554"},"modified":"2016-08-26T12:33:34","modified_gmt":"2016-08-26T17:33:34","slug":"toma-protesta-y-posesion-nuevo-director-del-centro-de-adiestramiento-de-la-xii-region-militar","status":"publish","type":"post","link":"https:\/\/radiowebmx.com\/nota\/toma-protesta-y-posesion-nuevo-director-del-centro-de-adiestramiento-de-la-xii-region-militar\/","title":{"rendered":"Toma protesta y posesi\u00f3n nuevo director del Centro de Adiestramiento de la XII Regi\u00f3n Militar"},"content":{"rendered":"<p>Charo, Michoac\u00e1n, a 25 de agosto de 2016.- El General Brigadier Diplomado de Estado Mayor, Alejandro Silva Hern\u00e1ndez, tom\u00f3 protesta y posesi\u00f3n como nuevo director del Centro de Adiestramiento Regional, de la XII Regi\u00f3n Militar.<\/p>\n<p>El acto protocolario se desarroll\u00f3 en las instalaciones del Centro de Adiestramiento Regional y fue encabezado por el comandante de la XII Regi\u00f3n Militar, el General de Brigada Diplomado de Estado Mayor y mando especial para la seguridad de Michoac\u00e1n, Pedro Felipe Gurrola Ram\u00edrez.<\/p>\n<p>Ante la presencia de los integrantes del Grupo de Coordinaci\u00f3n Michoac\u00e1n (GCM), Gurrola Ram\u00edrez se dijo confiado de que el nuevo director del Centro de Adiestramiento Regional desempe\u00f1ar\u00e1 un buen papel, esto ante los antecedentes y experiencia que \u201char\u00e1n que este lugar se encuentre perfectamente dirigido\u201d.<\/p>\n<p>Cabe se\u00f1alar que el nuevo director del Centro de Adiestramiento Regional de la XII Regi\u00f3n Militar se desempe\u00f1\u00f3 como jefe de la sesi\u00f3n primera del Cuartel General de la 8 Zona Militar; subjefe de Estado Mayor de la 28 Zona Militar; comandante del 55 Batall\u00f3n de Infanter\u00eda, en la Ciudad de M\u00e9xico; as\u00ed como del 70 Batall\u00f3n de Infanter\u00eda, en Xicotepec de Ju\u00e1rez en el estado de Puebla, entre otros.<\/p>\n<p>Es importante resaltar que en la XII Regi\u00f3n Militar se cuenta con un Centro de Adiestramiento de Combate Individual Regional (CACIR), el cual tiene como prop\u00f3sito impartir el adiestramiento de primera fase a los soldados de reciente ingreso al instituto armado, jurisdiccionados a esta Regi\u00f3n Militar, proporcion\u00e1ndoles las herramientas necesarias para llevar a cabo las actividades diarias que se desarrollan a lo largo del territorio nacional.<\/p>\n<p>El Centro de Adiestramiento Regional (CAR) tiene como misi\u00f3n, preparar al personal militar para efectuar tareas acordes con su especialidad y de conjunto, materializ\u00e1ndose la segunda y tercera fase de adiestramiento.<\/p>\n<p>En la segunda fase, se cuenta con un adiestramiento complementario al de combate individual; y en la tercera fase, el entrenamiento se somete a las unidades a partir del nivel pelot\u00f3n hasta nivel corporaci\u00f3n, teniendo como meta llevar a cabo operaciones de defensa nacional, seguridad interior y apoyo a los cuerpos policiales.<\/p>\n<p>Por lo anterior, el Centro de Adiestramiento Regional tiene como actividad primordial, preparar al personal militar para efectuar operaciones militares, desempe\u00f1\u00e1ndose en conjunto integrados, desarrollando sus actividades con estricto respeto a los derechos humanos.<\/p>\n<p>Asistieron a esta actividad, el procurador General de Justicia del Estado, Jos\u00e9 Mart\u00edn Godoy Castro; el secretario de Seguridad P\u00fablica, Jos\u00e9 Antonio Bernal Bustamante; la delegada en Michoac\u00e1n de la Procuradur\u00eda General de la Rep\u00fablica (PGR), Bertha Paredes Gardu\u00f1o y el comandante de la 21 Zona Militar, Jos\u00e9 Francisco Morales C\u00e1zares.<\/p>\n","protected":false},"excerpt":{"rendered":"<p>Ante la presencia de los integrantes del Grupo de Coordinaci\u00f3n Michoac\u00e1n (GCM), Gurrola Ram\u00edrez se dijo confiado de que el nuevo director del Centro de Adiestramiento Regional desempe\u00f1ar\u00e1 un buen papel, esto ante los antecedentes y experiencia que \u201char\u00e1n que este lugar se encuentre perfectamente dirigido\u201d.<\/p>\n","protected":false},"author":1,"featured_media":0,"comment_status":"open","ping_status":"open","sticky":false,"template":"","format":"standard","meta":{"footnotes":""},"categories":[3],"tags":[],"class_list":["post-25554","post","type-post","status-publish","format-standard","hentry","category-gobierno-del-estado-de-michoacan"],"_links":{"self":[{"href":"https:\/\/radiowebmx.com\/nota\/wp-json\/wp\/v2\/posts\/25554","targetHints":{"allow":["GET"]}}],"collection":[{"href":"https:\/\/radiowebmx.com\/nota\/wp-json\/wp\/v2\/posts"}],"about":[{"href":"https:\/\/radiowebmx.com\/nota\/wp-json\/wp\/v2\/types\/post"}],"author":[{"embeddable":true,"href":"https:\/\/radiowebmx.com\/nota\/wp-json\/wp\/v2\/users\/1"}],"replies":[{"embeddable":true,"href":"https:\/\/radiowebmx.com\/nota\/wp-json\/wp\/v2\/comments?post=25554"}],"version-history":[{"count":1,"href":"https:\/\/radiowebmx.com\/nota\/wp-json\/wp\/v2\/posts\/25554\/revisions"}],"predecessor-version":[{"id":25556,"href":"https:\/\/radiowebmx.com\/nota\/wp-json\/wp\/v2\/posts\/25554\/revisions\/25556"}],"wp:attachment":[{"href":"https:\/\/radiowebmx.com\/nota\/wp-json\/wp\/v2\/media?parent=25554"}],"wp:term":[{"taxonomy":"category","embeddable":true,"href":"https:\/\/radiowebmx.com\/nota\/wp-json\/wp\/v2\/categories?post=25554"},{"taxonomy":"post_tag","embeddable":true,"href":"https:\/\/radiowebmx.com\/nota\/wp-json\/wp\/v2\/tags?post=25554"}],"curies":[{"name":"wp","href":"https:\/\/api.w.org\/{rel}","templated":true}]}}