{"id":25519,"date":"2016-08-25T09:43:27","date_gmt":"2016-08-25T14:43:27","guid":{"rendered":"https:\/\/radiowebmx.com\/nota\/?p=25519"},"modified":"2016-08-25T09:43:27","modified_gmt":"2016-08-25T14:43:27","slug":"gobierno-municipal-fomenta-valores-civicos-en-tenencias-de-morelia-gerencia-del-patrimonio-cultural","status":"publish","type":"post","link":"https:\/\/radiowebmx.com\/nota\/gobierno-municipal-fomenta-valores-civicos-en-tenencias-de-morelia-gerencia-del-patrimonio-cultural\/","title":{"rendered":"Gobierno Municipal fomenta valores c\u00edvicos en tenencias de Morelia: Gerencia del Patrimonio Cultural"},"content":{"rendered":"<p><a href=\"https:\/\/radiowebmx.com\/nota\/wp-content\/uploads\/2016\/08\/02c27bf3-38be-4872-80a0-8aa59c614509.jpg\"><img loading=\"lazy\" decoding=\"async\" class=\"alignleft size-full wp-image-25520\" src=\"https:\/\/radiowebmx.com\/nota\/wp-content\/uploads\/2016\/08\/02c27bf3-38be-4872-80a0-8aa59c614509.jpg\" alt=\"02c27bf3-38be-4872-80a0-8aa59c614509\" width=\"591\" height=\"317\" \/><\/a>La Gerencia del Patrimonio Cultural de Morelia dio a conocer las 32 actividades que se realizar\u00e1n con motivo de las Fiestas Patrias del pr\u00f3ximo mes de septiembre, entre las que destaca el programa \u201cCine y Teatro en tu Tenencia\u201d, que se prev\u00e9 impacte en las 14 tenencias de la ciudad y las 173 comunidades en el municipio.<\/p>\n<p>En rueda de prensa, el titular de esta dependencia municipal, Gaspar Hern\u00e1ndez Razo, subray\u00f3 que una de las instrucciones del Presidente Municipal, Alfonso Mart\u00ednez Alc\u00e1zar, es el impulso a la promoci\u00f3n cultural y c\u00edvica en todos los rincones del municipio, de ah\u00ed, que para conmemorar los festejos septembrinos, la Gerencia contempla acercar estas acciones a todos los morelianos.<\/p>\n<p>Acompa\u00f1ado por el Director de Patrimonio Cultural, Juan Carlos Mata Garc\u00eda; el Coordinador de la Gerencia, Carlos Guzm\u00e1n Pedraza; as\u00ed como del Director de Promoci\u00f3n y Formaci\u00f3n, Alejandro Tovar Cort\u00e9s, destac\u00f3 que con la finalidad de promover el patrimonio cultural que se tiene en la zona rural de Morelia, se llevar\u00e1 a cabo el programa \u201cCine y Teatro en tu Tenencia\u201d, el cual se realizar\u00e1 durante el mes de septiembre y parte de octubre.<\/p>\n<p>El funcionario municipal, detall\u00f3 que por medio de esta actividad, se har\u00e1 la proyecci\u00f3n de pel\u00edculas, principalmente infantiles, los d\u00edas jueves y viernes, mientras que el s\u00e1bado se llevar\u00e1 a cabo la presentaci\u00f3n de la muestra teatral \u201cEl Migrante\u201d, esto en los meses antes mencionados.<\/p>\n<p>Este proyecto se desarrollar\u00e1 inicialmente en las tenencias de Jes\u00fas del Monte, San Miguel del Monte, Capula, San Nicol\u00e1s Obispo, Santiago Undameo y las comunidades de Iratzio y la Aldea.<\/p>\n<p>Asimismo, resalt\u00f3 que junto con el Centro Cultural UNAM, la Gerencia del Patrimonio Cultural estar\u00e1 participando en actividades como: el recital po\u00e9tico \u201cMurmullos e intensidades\u201d, los talleres de Cuentacuentos todos los lunes en dicho centro; un concierto de Jazz, entre otros.<\/p>\n<p>De igual manera, a\u00f1adi\u00f3 que en coordinaci\u00f3n con la organizaci\u00f3n Estudio de Arte y Flamenco \u201cCal\u00e9 Bari\u201d, llevar\u00e1 acabo el flashmob en la Calzada Fray Antonio de San Miguel titulado \u201cBienal Flamenco de Sevilla\u201d, as\u00ed como la presentaci\u00f3n de la producci\u00f3n \u201cDe Duende y Poes\u00eda\u201d.<\/p>\n<p>Mientras que con apoyo de la Secretar\u00eda de Cultura del Estado (SECUM), el Ayuntamiento capitalino efectuar\u00e1 el desfile del \u201cFestival Internacional del Baile Folcl\u00f3rico\u201d, el cual partir\u00e1 de las Tarascas hasta Catedral, y la presentaci\u00f3n especial del \u201cMariachi Ordaz de Pur\u00e9pero\u201d.<\/p>\n<p>Aunado a lo anterior, Gaspar Hern\u00e1ndez refiri\u00f3 que como parte de los preparativos, la Gerencia inici\u00f3 con la colocaci\u00f3n de los adornos alusivos a las fiestas patrias en diversos edificios del Centro Hist\u00f3rico; puntualiz\u00f3 que se instalar\u00e1n 334 banderas y 334 pendones para vestir a la ciudad de la celebraci\u00f3n del D\u00eda de la Independencia.<\/p>\n<p>De esta manera, el Ayuntamiento de Morelia promueve la cultura y civismo en el marco de las fiestas patrias, resaltando estas acciones en las tenencias y comunidades, a fin de enaltecer el patriotismo en todos los rincones del municipio.<\/p>\n","protected":false},"excerpt":{"rendered":"<p>La Gerencia del Patrimonio Cultural de Morelia dio a conocer las 32 actividades que se realizar\u00e1n con motivo de las Fiestas Patrias del pr\u00f3ximo mes de septiembre, entre las que destaca el programa \u201cCine y Teatro en tu Tenencia\u201d,<\/p>\n","protected":false},"author":1,"featured_media":0,"comment_status":"open","ping_status":"open","sticky":false,"template":"","format":"standard","meta":{"footnotes":""},"categories":[14,9],"tags":[],"class_list":["post-25519","post","type-post","status-publish","format-standard","hentry","category-destacadas","category-morelia"],"_links":{"self":[{"href":"https:\/\/radiowebmx.com\/nota\/wp-json\/wp\/v2\/posts\/25519","targetHints":{"allow":["GET"]}}],"collection":[{"href":"https:\/\/radiowebmx.com\/nota\/wp-json\/wp\/v2\/posts"}],"about":[{"href":"https:\/\/radiowebmx.com\/nota\/wp-json\/wp\/v2\/types\/post"}],"author":[{"embeddable":true,"href":"https:\/\/radiowebmx.com\/nota\/wp-json\/wp\/v2\/users\/1"}],"replies":[{"embeddable":true,"href":"https:\/\/radiowebmx.com\/nota\/wp-json\/wp\/v2\/comments?post=25519"}],"version-history":[{"count":1,"href":"https:\/\/radiowebmx.com\/nota\/wp-json\/wp\/v2\/posts\/25519\/revisions"}],"predecessor-version":[{"id":25521,"href":"https:\/\/radiowebmx.com\/nota\/wp-json\/wp\/v2\/posts\/25519\/revisions\/25521"}],"wp:attachment":[{"href":"https:\/\/radiowebmx.com\/nota\/wp-json\/wp\/v2\/media?parent=25519"}],"wp:term":[{"taxonomy":"category","embeddable":true,"href":"https:\/\/radiowebmx.com\/nota\/wp-json\/wp\/v2\/categories?post=25519"},{"taxonomy":"post_tag","embeddable":true,"href":"https:\/\/radiowebmx.com\/nota\/wp-json\/wp\/v2\/tags?post=25519"}],"curies":[{"name":"wp","href":"https:\/\/api.w.org\/{rel}","templated":true}]}}