{"id":2551,"date":"2013-05-09T13:27:35","date_gmt":"2013-05-09T18:27:35","guid":{"rendered":"https:\/\/radiowebmx.com\/nota\/?p=2551"},"modified":"2013-05-09T13:27:35","modified_gmt":"2013-05-09T18:27:35","slug":"meritorio-analizar-acciones-que-permitan-implementar-la-reforma-penal-de-manera-eficiente-sebastian-naranjo-blanco","status":"publish","type":"post","link":"https:\/\/radiowebmx.com\/nota\/meritorio-analizar-acciones-que-permitan-implementar-la-reforma-penal-de-manera-eficiente-sebastian-naranjo-blanco\/","title":{"rendered":"Meritorio analizar acciones que permitan implementar la reforma penal de manera eficiente: Sebasti\u00e1n Naranjo Blanco"},"content":{"rendered":"<p>Con el objetivo principal de analizar las acciones necesarias que permitan obtener una mejor implementaci\u00f3n en el pa\u00eds, m\u00e1s eficiente y justa sobre la Reforma Penal, Acusatorio y Adversarial, que permitir\u00e1 mejorar la justicia penal y con ello, lograr combatir la violencia a trav\u00e9s de la creaci\u00f3n de confianza y colaboraci\u00f3n ciudadana, se lleva a cabo en el\u00a0World Trade Center de la Ciudad de M\u00e9xico,\u00a0el Foro anual sobre Seguridad y Justicia, al cual asiste el diputado Sebasti\u00e1n Naranjo Blanco, integrante del Consejo Implementador para el Nuevo Sistema de Justicia en Michoac\u00e1n.<\/p>\n<p>El tambi\u00e9n presidente de la Comisi\u00f3n de Puntos Constitucionales del Congreso del Estado de Michoac\u00e1n, Naranjo Blanco, recalc\u00f3 que este evento se ha convertido en el referente nacional que integra opiniones y compromisos de los principales actores del sistema de justicia penal, representantes de organizaciones civiles, as\u00ed como acad\u00e9micos y l\u00edderes de opini\u00f3n, en torno al proceso de implementaci\u00f3n del nuevo sistema de justicia en M\u00e9xico.<\/p>\n<p>As\u00ed mismo, reiter\u00f3 la importancia de este evento nacional, el cual dijo, \u201ccoadyuvar\u00e1 en la conformaci\u00f3n de una adecuada implementaci\u00f3n de la Reforma Penal y del Nuevo Sistema de Justicia Penal en Michoac\u00e1n\u201d.<\/p>\n<p>En el mismo contexto, se\u00f1al\u00f3 que los temas que estar\u00e1n abordando dentro de las mesas de trabajo, y que servir\u00e1n como un parte aguas en la implementaci\u00f3n de la Reforma Penal; son los referentes al C\u00f3digo \u00fanico, C\u00f3digo Tipo o Acuerdos de Coordinaci\u00f3n entre Estados y Federaci\u00f3n, el\u00a0c\u00f3mo lograr que el Congreso Federal legisle al respecto, el impacto y consecuencias de la falta de un C\u00f3digo Federal de Procedimientos Penales, puntos controvertidos del dise\u00f1o legislativo del proceso acusatorio, las Pol\u00edticas P\u00fablicas desde el Gobierno Federal respecto a la Reforma Penal; la coordinaci\u00f3n con entidades Federativas y otras fuerzas pol\u00edticas, as\u00ed como el panel de \u201cOrganizaci\u00f3n, funcionamiento y resultados de la procuraci\u00f3n de justicia bajo el Sistema Acusatorio y de transparencia en el Nuevo Sistema\u201d, entre otros.<\/p>\n<p>Naranjo Blanco reiter\u00f3, \u201cel\u00a0<a href=\"http:\/\/eleconomista.com.mx\/sociedad\/2013\/05\/07\/pena-nieto-inaugura-quinto-foro-sobre-seguridad-justicia\" target=\"_blank\">compartir<\/a>\u00a0ideas, as\u00ed como experiencias<strong>\u00a0<\/strong><strong>sobre c\u00f3mo implementar la Reforma Penal ser\u00e1 de gran beneficio para las entidades, ya que permitir\u00e1n iniciar con una idea m\u00e1s clara que ser\u00e1 de gran enriquecimiento en la impartici\u00f3n de justicia para todos los ciudadanos\u201d.<\/strong><strong><\/strong><\/p>\n<p>Finalmente, se\u00f1al\u00f3 que los acad\u00e9micos de la Red Nacional a favor de los Juicios Orales, as\u00ed como los moderadores y l\u00edderes de opini\u00f3n, son los responsables de realizar la ponderaci\u00f3n de los temas y paneles, que permitir\u00e1n aclarar para beneficio de la sociedad civil, los puntos m\u00e1s controversiales presentes en el proceso de transici\u00f3n que vive actualmente el sistema de justicia penal en nuestro pa\u00eds.<\/p>\n","protected":false},"excerpt":{"rendered":"<p>Con el objetivo principal de analizar las acciones necesarias que permitan obtener una mejor implementaci\u00f3n en el pa\u00eds, m\u00e1s eficiente y justa sobre la Reforma Penal, Acusatorio y Adversarial, que permitir\u00e1 mejorar la justicia penal y con ello, lograr combatir la violencia a trav\u00e9s de la creaci\u00f3n de confianza y colaboraci\u00f3n ciudadana, se lleva a [&hellip;]<\/p>\n","protected":false},"author":1,"featured_media":0,"comment_status":"open","ping_status":"open","sticky":false,"template":"","format":"standard","meta":{"footnotes":""},"categories":[6,8],"tags":[],"class_list":["post-2551","post","type-post","status-publish","format-standard","hentry","category-congreso-del-estado","category-grupo-parlamentario-del-pan"],"_links":{"self":[{"href":"https:\/\/radiowebmx.com\/nota\/wp-json\/wp\/v2\/posts\/2551","targetHints":{"allow":["GET"]}}],"collection":[{"href":"https:\/\/radiowebmx.com\/nota\/wp-json\/wp\/v2\/posts"}],"about":[{"href":"https:\/\/radiowebmx.com\/nota\/wp-json\/wp\/v2\/types\/post"}],"author":[{"embeddable":true,"href":"https:\/\/radiowebmx.com\/nota\/wp-json\/wp\/v2\/users\/1"}],"replies":[{"embeddable":true,"href":"https:\/\/radiowebmx.com\/nota\/wp-json\/wp\/v2\/comments?post=2551"}],"version-history":[{"count":2,"href":"https:\/\/radiowebmx.com\/nota\/wp-json\/wp\/v2\/posts\/2551\/revisions"}],"predecessor-version":[{"id":2553,"href":"https:\/\/radiowebmx.com\/nota\/wp-json\/wp\/v2\/posts\/2551\/revisions\/2553"}],"wp:attachment":[{"href":"https:\/\/radiowebmx.com\/nota\/wp-json\/wp\/v2\/media?parent=2551"}],"wp:term":[{"taxonomy":"category","embeddable":true,"href":"https:\/\/radiowebmx.com\/nota\/wp-json\/wp\/v2\/categories?post=2551"},{"taxonomy":"post_tag","embeddable":true,"href":"https:\/\/radiowebmx.com\/nota\/wp-json\/wp\/v2\/tags?post=2551"}],"curies":[{"name":"wp","href":"https:\/\/api.w.org\/{rel}","templated":true}]}}